{"id":91,"date":"2003-07-23T11:13:48","date_gmt":"2003-07-23T10:13:48","guid":{"rendered":"http:\/\/cdscweb.fr\/nedji\/?p=91"},"modified":"2020-11-25T15:59:21","modified_gmt":"2020-11-25T14:59:21","slug":"cce-ponam-2002-2003","status":"publish","type":"post","link":"https:\/\/cdscweb.fr\/nedji-du-graal\/cce-ponam-2002-2003\/","title":{"rendered":"CCE Ponam 2002-2003"},"content":{"rendered":"<p style=\"text-align: left;\" align=\"center\"><a href=\"https:\/\/cdscweb.fr\/nedji-du-graal\/wp-content\/uploads\/2003\/07\/2002-ponam.jpg\" target=\"_blank\" rel=\"noopener noreferrer\"><img loading=\"lazy\" decoding=\"async\" class=\"alignleft wp-image-515 size-medium\" src=\"https:\/\/cdscweb.fr\/nedji-du-graal\/wp-content\/uploads\/2003\/07\/2002-ponam-300x236.jpg\" alt=\"\" width=\"300\" height=\"236\" srcset=\"https:\/\/cdscweb.fr\/nedji-du-graal\/wp-content\/uploads\/2003\/07\/2002-ponam-300x236.jpg 300w, https:\/\/cdscweb.fr\/nedji-du-graal\/wp-content\/uploads\/2003\/07\/2002-ponam-150x118.jpg 150w, https:\/\/cdscweb.fr\/nedji-du-graal\/wp-content\/uploads\/2003\/07\/2002-ponam.jpg 400w\" sizes=\"auto, (max-width: 300px) 100vw, 300px\" \/><\/a>Fin 2001, Sylvie est bless\u00e9e (un peu \u00e0 cause de moi&#8230;)<br \/>\net\u00a0 Marjorie est encore un peu petite,<br \/>\nje suis donc pr\u00eat\u00e9 \u00e0 un jeune cavalier de concours complet Ponam,<br \/>\npuisque ma taille me permet de concourir dans cette cat\u00e9gorie.<\/p>\n<p style=\"text-align: left;\" align=\"center\">Je termine 6\u00e8me du Championnat de France D2 Ponam<br \/>\n\u00e0 Lamotte-Beuvron en 2003,\u00a0(juste derri\u00e8re un certain Thomas Carlile&#8230;)<br \/>\nce qui me vaut un <a href=\"http:\/\/cdscweb.fr\/poneys-blackstone\/les-indices\/\" target=\"_blank\" rel=\"noopener noreferrer\"><em><strong>indice IPC de 113<\/strong><\/em><\/a>.<\/p>\n<p style=\"text-align: left;\" align=\"center\">Merci \u00e0 <a href=\"https:\/\/www.poney-as.com\/2020\/04\/marie-reine-perie-la-discrete-toute-en-confiance\/\" target=\"_blank\" rel=\"noopener noreferrer\"><em><strong>Marie-Reine P\u00e9ri\u00e9<\/strong><\/em><\/a> qui fut mon entra\u00eeneur \u00e0 cette \u00e9poque.<\/p>\n<!-- AddThis Advanced Settings generic via filter on the_content --><!-- AddThis Share Buttons generic via filter on the_content -->","protected":false},"excerpt":{"rendered":"<p>Fin 2001, Sylvie est bless\u00e9e (un\u2026<!-- AddThis Advanced Settings generic via filter on get_the_excerpt --><!-- AddThis Share Buttons generic via filter on get_the_excerpt --><\/p>\n<p class=\"continue-reading-button\"> <a class=\"continue-reading-link\" href=\"https:\/\/cdscweb.fr\/nedji-du-graal\/cce-ponam-2002-2003\/\">Lire la suite&#8230;<i class=\"crycon-right-dir\"><\/i><\/a><\/p>\n","protected":false},"author":1,"featured_media":515,"comment_status":"closed","ping_status":"closed","sticky":false,"template":"","format":"standard","meta":{"footnotes":""},"categories":[3],"tags":[12,34,38],"class_list":["post-91","post","type-post","status-publish","format-standard","has-post-thumbnail","hentry","category-concours-complet","tag-2002-2003","tag-marie-reine","tag-william"],"_links":{"self":[{"href":"https:\/\/cdscweb.fr\/nedji-du-graal\/wp-json\/wp\/v2\/posts\/91","targetHints":{"allow":["GET"]}}],"collection":[{"href":"https:\/\/cdscweb.fr\/nedji-du-graal\/wp-json\/wp\/v2\/posts"}],"about":[{"href":"https:\/\/cdscweb.fr\/nedji-du-graal\/wp-json\/wp\/v2\/types\/post"}],"author":[{"embeddable":true,"href":"https:\/\/cdscweb.fr\/nedji-du-graal\/wp-json\/wp\/v2\/users\/1"}],"replies":[{"embeddable":true,"href":"https:\/\/cdscweb.fr\/nedji-du-graal\/wp-json\/wp\/v2\/comments?post=91"}],"version-history":[{"count":6,"href":"https:\/\/cdscweb.fr\/nedji-du-graal\/wp-json\/wp\/v2\/posts\/91\/revisions"}],"predecessor-version":[{"id":916,"href":"https:\/\/cdscweb.fr\/nedji-du-graal\/wp-json\/wp\/v2\/posts\/91\/revisions\/916"}],"wp:featuredmedia":[{"embeddable":true,"href":"https:\/\/cdscweb.fr\/nedji-du-graal\/wp-json\/wp\/v2\/media\/515"}],"wp:attachment":[{"href":"https:\/\/cdscweb.fr\/nedji-du-graal\/wp-json\/wp\/v2\/media?parent=91"}],"wp:term":[{"taxonomy":"category","embeddable":true,"href":"https:\/\/cdscweb.fr\/nedji-du-graal\/wp-json\/wp\/v2\/categories?post=91"},{"taxonomy":"post_tag","embeddable":true,"href":"https:\/\/cdscweb.fr\/nedji-du-graal\/wp-json\/wp\/v2\/tags?post=91"}],"curies":[{"name":"wp","href":"https:\/\/api.w.org\/{rel}","templated":true}]}}