{"id":86,"date":"2001-11-23T11:00:35","date_gmt":"2001-11-23T10:00:35","guid":{"rendered":"http:\/\/cdscweb.fr\/nedji\/?p=86"},"modified":"2026-01-01T18:51:12","modified_gmt":"2026-01-01T17:51:12","slug":"1997-2001","status":"publish","type":"post","link":"https:\/\/cdscweb.fr\/nedji-du-graal\/1997-2001\/","title":{"rendered":"1997-2001 : nouveau d\u00e9part"},"content":{"rendered":"<div class=\"wp-block-image is-style-rounded\">\n<figure class=\"alignleft\"><a href=\"https:\/\/cdscweb.fr\/nedji-du-graal\/wp-content\/uploads\/2001\/11\/1997-prat.jpg\" target=\"_blank\" rel=\"noopener noreferrer\"><img loading=\"lazy\" decoding=\"async\" width=\"300\" height=\"205\" src=\"https:\/\/cdscweb.fr\/nedji-du-graal\/wp-content\/uploads\/2001\/11\/1997-prat-300x205.jpg\" alt=\"\" class=\"wp-image-512\" srcset=\"https:\/\/cdscweb.fr\/nedji-du-graal\/wp-content\/uploads\/2001\/11\/1997-prat-300x205.jpg 300w, https:\/\/cdscweb.fr\/nedji-du-graal\/wp-content\/uploads\/2001\/11\/1997-prat-150x102.jpg 150w, https:\/\/cdscweb.fr\/nedji-du-graal\/wp-content\/uploads\/2001\/11\/1997-prat.jpg 400w\" sizes=\"auto, (max-width: 300px) 100vw, 300px\" \/><\/a><\/figure>\n<\/div>\n\n\n<p class=\"has-text-align-left\">Je quitte le Tarn pour l&rsquo;Ari\u00e8ge en janvier 1997 et un long travail commence, qui fera de moi le cheval polyvalent que je suis devenu : <strong>merci \u00e0 <em><a href=\"https:\/\/cheval-casteras.fr\" data-type=\"link\" data-id=\"https:\/\/cheval-casteras.fr\" target=\"_blank\" rel=\"noreferrer noopener\">Johanne<\/a><\/em> qui a d\u00fb supporter mes fac\u00e9ties, tant en complet qu&rsquo;en randonn\u00e9e&#8230;<\/strong><\/p>\n<!-- AddThis Advanced Settings generic via filter on the_content --><!-- AddThis Share Buttons generic via filter on the_content -->","protected":false},"excerpt":{"rendered":"<p>Je quitte le Tarn pour l&rsquo;Ari\u00e8ge\u2026<!-- AddThis Advanced Settings generic via filter on get_the_excerpt --><!-- AddThis Share Buttons generic via filter on get_the_excerpt --><\/p>\n<p class=\"continue-reading-button\"> <a class=\"continue-reading-link\" href=\"https:\/\/cdscweb.fr\/nedji-du-graal\/1997-2001\/\">Lire la suite&#8230;<i class=\"crycon-right-dir\"><\/i><\/a><\/p>\n","protected":false},"author":1,"featured_media":512,"comment_status":"closed","ping_status":"closed","sticky":false,"template":"","format":"standard","meta":{"footnotes":""},"categories":[3,8],"tags":[11,31,37],"class_list":["post-86","post","type-post","status-publish","format-standard","has-post-thumbnail","hentry","category-concours-complet","category-randonnee","tag-1997-2001","tag-johanne","tag-sylvie"],"_links":{"self":[{"href":"https:\/\/cdscweb.fr\/nedji-du-graal\/wp-json\/wp\/v2\/posts\/86","targetHints":{"allow":["GET"]}}],"collection":[{"href":"https:\/\/cdscweb.fr\/nedji-du-graal\/wp-json\/wp\/v2\/posts"}],"about":[{"href":"https:\/\/cdscweb.fr\/nedji-du-graal\/wp-json\/wp\/v2\/types\/post"}],"author":[{"embeddable":true,"href":"https:\/\/cdscweb.fr\/nedji-du-graal\/wp-json\/wp\/v2\/users\/1"}],"replies":[{"embeddable":true,"href":"https:\/\/cdscweb.fr\/nedji-du-graal\/wp-json\/wp\/v2\/comments?post=86"}],"version-history":[{"count":8,"href":"https:\/\/cdscweb.fr\/nedji-du-graal\/wp-json\/wp\/v2\/posts\/86\/revisions"}],"predecessor-version":[{"id":1091,"href":"https:\/\/cdscweb.fr\/nedji-du-graal\/wp-json\/wp\/v2\/posts\/86\/revisions\/1091"}],"wp:featuredmedia":[{"embeddable":true,"href":"https:\/\/cdscweb.fr\/nedji-du-graal\/wp-json\/wp\/v2\/media\/512"}],"wp:attachment":[{"href":"https:\/\/cdscweb.fr\/nedji-du-graal\/wp-json\/wp\/v2\/media?parent=86"}],"wp:term":[{"taxonomy":"category","embeddable":true,"href":"https:\/\/cdscweb.fr\/nedji-du-graal\/wp-json\/wp\/v2\/categories?post=86"},{"taxonomy":"post_tag","embeddable":true,"href":"https:\/\/cdscweb.fr\/nedji-du-graal\/wp-json\/wp\/v2\/tags?post=86"}],"curies":[{"name":"wp","href":"https:\/\/api.w.org\/{rel}","templated":true}]}}