{"id":783,"date":"2018-07-01T20:28:43","date_gmt":"2018-07-01T18:28:43","guid":{"rendered":"http:\/\/cdscweb.fr\/nedji-du-graal\/?p=783"},"modified":"2026-01-01T17:58:08","modified_gmt":"2026-01-01T16:58:08","slug":"juillet-2018-garden-party-dress","status":"publish","type":"post","link":"https:\/\/cdscweb.fr\/nedji-du-graal\/juillet-2018-garden-party-dress\/","title":{"rendered":"Juillet 2018 : \u00ab\u00a0Garden Party Dress\u00a0\u00bb"},"content":{"rendered":"\n<p class=\"has-text-align-center\">Du soleil, des copains, que des bonnes notes (ou presque&#8230;), un repas convivial&#8230;<\/p>\n\n\n\n<p class=\"has-text-align-center\">Une reprise impos\u00e9e \u00e0 68 %&#8230;<\/p>\n\n\n\n<figure class=\"wp-block-embed is-type-video is-provider-youtube wp-block-embed-youtube wp-embed-aspect-4-3 wp-has-aspect-ratio\"><div class=\"wp-block-embed__wrapper\">\n<iframe loading=\"lazy\" title=\"1er juillet 2018\" width=\"890\" height=\"668\" src=\"https:\/\/www.youtube.com\/embed\/AGiHq4LUnZY?feature=oembed\" frameborder=\"0\" allow=\"accelerometer; autoplay; clipboard-write; encrypted-media; gyroscope; picture-in-picture; web-share\" referrerpolicy=\"strict-origin-when-cross-origin\" allowfullscreen><\/iframe>\n<\/div><\/figure>\n\n\n\n<p class=\"has-text-align-center\">&#8230;et une Libre \u00e0 68,5 %, quelle r\u00e9gularit\u00e9 !<\/p>\n\n\n\n<figure class=\"wp-block-embed is-type-video is-provider-youtube wp-block-embed-youtube wp-embed-aspect-4-3 wp-has-aspect-ratio\"><div class=\"wp-block-embed__wrapper\">\n<iframe loading=\"lazy\" title=\"1er juillet 2018\" width=\"890\" height=\"668\" src=\"https:\/\/www.youtube.com\/embed\/0gIG1_iOAzg?feature=oembed\" frameborder=\"0\" allow=\"accelerometer; autoplay; clipboard-write; encrypted-media; gyroscope; picture-in-picture; web-share\" referrerpolicy=\"strict-origin-when-cross-origin\" allowfullscreen><\/iframe>\n<\/div><\/figure>\n\n\n\n<p class=\"has-text-align-center\"><em>Merci encore \u00e0 Julie et Claude pour le transport, \u00e0 Christian pour les images et \u00e0 Mireille pour ce si sympathique concours.<\/em><\/p>\n<!-- AddThis Advanced Settings generic via filter on the_content --><!-- AddThis Share Buttons generic via filter on the_content -->","protected":false},"excerpt":{"rendered":"<p>Du soleil, des copains, que des\u2026<!-- AddThis Advanced Settings generic via filter on get_the_excerpt --><!-- AddThis Share Buttons generic via filter on get_the_excerpt --><\/p>\n<p class=\"continue-reading-button\"> <a class=\"continue-reading-link\" href=\"https:\/\/cdscweb.fr\/nedji-du-graal\/juillet-2018-garden-party-dress\/\">Lire la suite&#8230;<i class=\"crycon-right-dir\"><\/i><\/a><\/p>\n","protected":false},"author":1,"featured_media":795,"comment_status":"closed","ping_status":"closed","sticky":false,"template":"","format":"standard","meta":{"footnotes":""},"categories":[4],"tags":[43,37],"class_list":["post-783","post","type-post","status-publish","format-standard","has-post-thumbnail","hentry","category-dressage","tag-43","tag-sylvie"],"_links":{"self":[{"href":"https:\/\/cdscweb.fr\/nedji-du-graal\/wp-json\/wp\/v2\/posts\/783","targetHints":{"allow":["GET"]}}],"collection":[{"href":"https:\/\/cdscweb.fr\/nedji-du-graal\/wp-json\/wp\/v2\/posts"}],"about":[{"href":"https:\/\/cdscweb.fr\/nedji-du-graal\/wp-json\/wp\/v2\/types\/post"}],"author":[{"embeddable":true,"href":"https:\/\/cdscweb.fr\/nedji-du-graal\/wp-json\/wp\/v2\/users\/1"}],"replies":[{"embeddable":true,"href":"https:\/\/cdscweb.fr\/nedji-du-graal\/wp-json\/wp\/v2\/comments?post=783"}],"version-history":[{"count":6,"href":"https:\/\/cdscweb.fr\/nedji-du-graal\/wp-json\/wp\/v2\/posts\/783\/revisions"}],"predecessor-version":[{"id":1059,"href":"https:\/\/cdscweb.fr\/nedji-du-graal\/wp-json\/wp\/v2\/posts\/783\/revisions\/1059"}],"wp:featuredmedia":[{"embeddable":true,"href":"https:\/\/cdscweb.fr\/nedji-du-graal\/wp-json\/wp\/v2\/media\/795"}],"wp:attachment":[{"href":"https:\/\/cdscweb.fr\/nedji-du-graal\/wp-json\/wp\/v2\/media?parent=783"}],"wp:term":[{"taxonomy":"category","embeddable":true,"href":"https:\/\/cdscweb.fr\/nedji-du-graal\/wp-json\/wp\/v2\/categories?post=783"},{"taxonomy":"post_tag","embeddable":true,"href":"https:\/\/cdscweb.fr\/nedji-du-graal\/wp-json\/wp\/v2\/tags?post=783"}],"curies":[{"name":"wp","href":"https:\/\/api.w.org\/{rel}","templated":true}]}}