{"id":633,"date":"2018-01-01T16:39:47","date_gmt":"2018-01-01T15:39:47","guid":{"rendered":"http:\/\/cdscweb.fr\/nedji-du-graal\/?p=633"},"modified":"2022-12-06T12:45:40","modified_gmt":"2022-12-06T11:45:40","slug":"bonne-annee","status":"publish","type":"post","link":"https:\/\/cdscweb.fr\/nedji-du-graal\/bonne-annee\/","title":{"rendered":"Bonne ann\u00e9e !"},"content":{"rendered":"\n<h3 class=\"has-text-align-center wp-block-heading\"><strong>Je vous souhaite tout ce que pouvez d\u00e9sirer pour 2018 !<\/strong><\/h3>\n\n\n\n<div class=\"wp-block-media-text alignwide is-stacked-on-mobile\" style=\"grid-template-columns:30% auto\"><figure class=\"wp-block-media-text__media\"><img loading=\"lazy\" decoding=\"async\" width=\"225\" height=\"300\" src=\"https:\/\/cdscweb.fr\/nedji-du-graal\/wp-content\/uploads\/2018\/01\/2018-01-01_brouting-petit-225x300.jpg\" alt=\"\" class=\"wp-image-640 size-medium\" srcset=\"https:\/\/cdscweb.fr\/nedji-du-graal\/wp-content\/uploads\/2018\/01\/2018-01-01_brouting-petit-225x300.jpg 225w, https:\/\/cdscweb.fr\/nedji-du-graal\/wp-content\/uploads\/2018\/01\/2018-01-01_brouting-petit-113x150.jpg 113w, https:\/\/cdscweb.fr\/nedji-du-graal\/wp-content\/uploads\/2018\/01\/2018-01-01_brouting-petit.jpg 450w\" sizes=\"auto, (max-width: 225px) 100vw, 225px\" \/><\/figure><div class=\"wp-block-media-text__content\">\n<p>Moi j&rsquo;ai pris une bonne r\u00e9solution : je commence une th\u00e9rapie !<\/p>\n\n\n\n<p><em>Je ne m&rsquo;en suis jamais vant\u00e9 mais je souffre de deux syndromes : celui du Petit Chaperon Rouge (je vois des loups un peu partout) et celui du Petit Poucet (quand je vais en ext\u00e9rieur j&rsquo;ai peur qu&rsquo;on me laisse dans les bois, je ne suis \u00ab\u00a0rassur\u00e9\u00a0\u00bb qu&rsquo;au retour).<\/em><\/p>\n\n\n\n<p>Sylvie m&rsquo;a propos\u00e9 des s\u00e9ances de <em>brouting th\u00e9rapeutique<\/em> et nous avons commenc\u00e9 aujourd&rsquo;hui : petite balade en main jusqu&rsquo;\u00e0 un endroit strat\u00e9gique <em>(chemin entre les arbres qui descend jusque dans un pr\u00e9 avec des ruches, les habitu\u00e9s sauront de quoi je parle&#8230;)<\/em>.<\/p>\n<\/div><\/div>\n\n\n\n<div style=\"height:30px\" aria-hidden=\"true\" class=\"wp-block-spacer\"><\/div>\n\n\n\n<p>Heureusement l&rsquo;herbe \u00e9tait d\u00e9licieuse, pour le reste il y a eu quelques frayeurs : un envol d&rsquo;oiseaux, un cheval en balade, quelques loups invisibles, mais bon pour la premi\u00e8re fois c&rsquo;\u00e9tait pas si mal !<\/p>\n\n\n\n<div style=\"height:30px\" aria-hidden=\"true\" class=\"wp-block-spacer\"><\/div>\n\n\n\n<div class=\"wp-block-media-text alignwide has-media-on-the-right is-stacked-on-mobile\" style=\"grid-template-columns:auto 30%\"><div class=\"wp-block-media-text__content\">\n<p>J&rsquo;ai m\u00eame eu pendant cinq bonnes minutes un acc\u00e8s de courage :\u00a0j&rsquo;ai march\u00e9 de moi-m\u00eame, sans brouter et sans \u00e9cart, avec tout de m\u00eame une vigilance au niveau maximum, avant de remettre le nez dans l&rsquo;herbe.<\/p>\n\n\n\n<p>Et \u00e7a m&rsquo;a donn\u00e9 une patate !<\/p>\n\n\n\n<p>Tout le retour au piaffer, le grand jeu\u2026 j&rsquo;ai vu le moment o\u00f9 j&rsquo;allais avoir droit \u00e0 un l\u00e2cher dans la carri\u00e8re, mais sit\u00f4t le portail des \u00e9curies franchi j&rsquo;ai repris mon pas de Papinou et je suis all\u00e9 au box o\u00f9 m&rsquo;attendaient toutes sortes de gourmandises\u2026<\/p>\n<\/div><figure class=\"wp-block-media-text__media\"><img loading=\"lazy\" decoding=\"async\" width=\"450\" height=\"600\" src=\"https:\/\/cdscweb.fr\/nedji-du-graal\/wp-content\/uploads\/2018\/01\/2018-01-01_vigipirate-petit.jpg\" alt=\"\" class=\"wp-image-641 size-medium\" srcset=\"https:\/\/cdscweb.fr\/nedji-du-graal\/wp-content\/uploads\/2018\/01\/2018-01-01_vigipirate-petit.jpg 450w, https:\/\/cdscweb.fr\/nedji-du-graal\/wp-content\/uploads\/2018\/01\/2018-01-01_vigipirate-petit-225x300.jpg 225w, https:\/\/cdscweb.fr\/nedji-du-graal\/wp-content\/uploads\/2018\/01\/2018-01-01_vigipirate-petit-113x150.jpg 113w\" sizes=\"auto, (max-width: 450px) 100vw, 450px\" \/><\/figure><\/div>\n\n\n\n<div style=\"height:30px\" aria-hidden=\"true\" class=\"wp-block-spacer\"><\/div>\n\n\n\n<p>Bref, cette ann\u00e9e commence au mieux pour moi, je pense que nous profiterons de tous les jours avec m\u00e9t\u00e9o favorable pour renouveler l&rsquo;exp\u00e9rience.<\/p>\n\n\n\n<div style=\"height:30px\" aria-hidden=\"true\" class=\"wp-block-spacer\"><\/div>\n\n\n\n<div class=\"wp-block-media-text alignwide is-stacked-on-mobile\" style=\"grid-template-columns:30% auto\"><figure class=\"wp-block-media-text__media\"><img loading=\"lazy\" decoding=\"async\" width=\"150\" height=\"150\" src=\"https:\/\/cdscweb.fr\/nedji-du-graal\/wp-content\/uploads\/2018\/01\/170923_papattes-150.jpg\" alt=\"\" class=\"wp-image-659 size-medium\"\/><\/figure><div class=\"wp-block-media-text__content\">\n<p class=\"has-text-align-center\">J&rsquo;ai officiellement 28 ans aujourd&rsquo;hui,<br>mais nous f\u00eaterons \u00e7a pour de vrai le 18 f\u00e9vrier !<\/p>\n\n\n\n<p class=\"has-text-align-center\"><em>Vous en connaissez beaucoup des poneys de mon \u00e2ge<br>qui ont d&rsquo;aussi jolies papattes ?<\/em><\/p>\n<\/div><\/div>\n<!-- AddThis Advanced Settings generic via filter on the_content --><!-- AddThis Share Buttons generic via filter on the_content -->","protected":false},"excerpt":{"rendered":"<p>Je vous souhaite tout ce que\u2026<!-- AddThis Advanced Settings generic via filter on get_the_excerpt --><!-- AddThis Share Buttons generic via filter on get_the_excerpt --><\/p>\n<p class=\"continue-reading-button\"> <a class=\"continue-reading-link\" href=\"https:\/\/cdscweb.fr\/nedji-du-graal\/bonne-annee\/\">Lire la suite&#8230;<i class=\"crycon-right-dir\"><\/i><\/a><\/p>\n","protected":false},"author":1,"featured_media":659,"comment_status":"closed","ping_status":"closed","sticky":false,"template":"","format":"standard","meta":{"footnotes":""},"categories":[7],"tags":[43],"class_list":["post-633","post","type-post","status-publish","format-standard","has-post-thumbnail","hentry","category-news","tag-43"],"_links":{"self":[{"href":"https:\/\/cdscweb.fr\/nedji-du-graal\/wp-json\/wp\/v2\/posts\/633","targetHints":{"allow":["GET"]}}],"collection":[{"href":"https:\/\/cdscweb.fr\/nedji-du-graal\/wp-json\/wp\/v2\/posts"}],"about":[{"href":"https:\/\/cdscweb.fr\/nedji-du-graal\/wp-json\/wp\/v2\/types\/post"}],"author":[{"embeddable":true,"href":"https:\/\/cdscweb.fr\/nedji-du-graal\/wp-json\/wp\/v2\/users\/1"}],"replies":[{"embeddable":true,"href":"https:\/\/cdscweb.fr\/nedji-du-graal\/wp-json\/wp\/v2\/comments?post=633"}],"version-history":[{"count":17,"href":"https:\/\/cdscweb.fr\/nedji-du-graal\/wp-json\/wp\/v2\/posts\/633\/revisions"}],"predecessor-version":[{"id":1022,"href":"https:\/\/cdscweb.fr\/nedji-du-graal\/wp-json\/wp\/v2\/posts\/633\/revisions\/1022"}],"wp:featuredmedia":[{"embeddable":true,"href":"https:\/\/cdscweb.fr\/nedji-du-graal\/wp-json\/wp\/v2\/media\/659"}],"wp:attachment":[{"href":"https:\/\/cdscweb.fr\/nedji-du-graal\/wp-json\/wp\/v2\/media?parent=633"}],"wp:term":[{"taxonomy":"category","embeddable":true,"href":"https:\/\/cdscweb.fr\/nedji-du-graal\/wp-json\/wp\/v2\/categories?post=633"},{"taxonomy":"post_tag","embeddable":true,"href":"https:\/\/cdscweb.fr\/nedji-du-graal\/wp-json\/wp\/v2\/tags?post=633"}],"curies":[{"name":"wp","href":"https:\/\/api.w.org\/{rel}","templated":true}]}}