{"id":472,"date":"2017-06-30T18:18:20","date_gmt":"2017-06-30T16:18:20","guid":{"rendered":"http:\/\/cdscweb.fr\/nedjidugraal\/?p=472"},"modified":"2023-08-16T15:18:15","modified_gmt":"2023-08-16T13:18:15","slug":"separation","status":"publish","type":"post","link":"https:\/\/cdscweb.fr\/nedji-du-graal\/separation\/","title":{"rendered":"La Quasi Team devient Nedji &#038; Cie"},"content":{"rendered":"<p><img loading=\"lazy\" decoding=\"async\" class=\"size-medium wp-image-473 alignleft\" src=\"https:\/\/cdscweb.fr\/nedji-du-graal\/wp-content\/uploads\/2017\/08\/quasi-nedji-balade-300x247.jpg\" alt=\"\" width=\"300\" height=\"247\" srcset=\"https:\/\/cdscweb.fr\/nedji-du-graal\/wp-content\/uploads\/2017\/08\/quasi-nedji-balade-300x247.jpg 300w, https:\/\/cdscweb.fr\/nedji-du-graal\/wp-content\/uploads\/2017\/08\/quasi-nedji-balade-768x631.jpg 768w, https:\/\/cdscweb.fr\/nedji-du-graal\/wp-content\/uploads\/2017\/08\/quasi-nedji-balade-150x123.jpg 150w, https:\/\/cdscweb.fr\/nedji-du-graal\/wp-content\/uploads\/2017\/08\/quasi-nedji-balade.jpg 960w\" sizes=\"auto, (max-width: 300px) 100vw, 300px\" \/>Ce n&rsquo;\u00e9tait pas pr\u00e9vu mais c&rsquo;est sans doute mieux comme \u00e7a : Quasi est reparti la semaine derni\u00e8re en Normandie chez sa propri\u00e9taire-\u00e9leveuse.<br \/>\nTout l&rsquo;hiver il avait touss\u00e9 et depuis fin mars il boitait !<br \/>\nIl a donc profit\u00e9 d&rsquo;un d\u00e9part en concours au Haras du Pin pour aller se reposer, j&rsquo;esp\u00e8re que ses probl\u00e8mes vont se r\u00e9soudre.<\/p>\n<p>Depuis je suis dans un paddock individuel (j&rsquo;ai pass\u00e9 l&rsquo;\u00e2ge de me faire emb\u00eater par des petits jeunes) et nos balades tranquilles vont me manquer&#8230;<\/p>\n<!-- AddThis Advanced Settings generic via filter on the_content --><!-- AddThis Share Buttons generic via filter on the_content -->","protected":false},"excerpt":{"rendered":"<p>Ce n&rsquo;\u00e9tait pas pr\u00e9vu mais c&rsquo;est\u2026<!-- AddThis Advanced Settings generic via filter on get_the_excerpt --><!-- AddThis Share Buttons generic via filter on get_the_excerpt --><\/p>\n<p class=\"continue-reading-button\"> <a class=\"continue-reading-link\" href=\"https:\/\/cdscweb.fr\/nedji-du-graal\/separation\/\">Lire la suite&#8230;<i class=\"crycon-right-dir\"><\/i><\/a><\/p>\n","protected":false},"author":1,"featured_media":473,"comment_status":"closed","ping_status":"closed","sticky":false,"template":"","format":"standard","meta":{"footnotes":""},"categories":[7],"tags":[26],"class_list":["post-472","post","type-post","status-publish","format-standard","has-post-thumbnail","hentry","category-news","tag-26"],"_links":{"self":[{"href":"https:\/\/cdscweb.fr\/nedji-du-graal\/wp-json\/wp\/v2\/posts\/472","targetHints":{"allow":["GET"]}}],"collection":[{"href":"https:\/\/cdscweb.fr\/nedji-du-graal\/wp-json\/wp\/v2\/posts"}],"about":[{"href":"https:\/\/cdscweb.fr\/nedji-du-graal\/wp-json\/wp\/v2\/types\/post"}],"author":[{"embeddable":true,"href":"https:\/\/cdscweb.fr\/nedji-du-graal\/wp-json\/wp\/v2\/users\/1"}],"replies":[{"embeddable":true,"href":"https:\/\/cdscweb.fr\/nedji-du-graal\/wp-json\/wp\/v2\/comments?post=472"}],"version-history":[{"count":4,"href":"https:\/\/cdscweb.fr\/nedji-du-graal\/wp-json\/wp\/v2\/posts\/472\/revisions"}],"predecessor-version":[{"id":1035,"href":"https:\/\/cdscweb.fr\/nedji-du-graal\/wp-json\/wp\/v2\/posts\/472\/revisions\/1035"}],"wp:featuredmedia":[{"embeddable":true,"href":"https:\/\/cdscweb.fr\/nedji-du-graal\/wp-json\/wp\/v2\/media\/473"}],"wp:attachment":[{"href":"https:\/\/cdscweb.fr\/nedji-du-graal\/wp-json\/wp\/v2\/media?parent=472"}],"wp:term":[{"taxonomy":"category","embeddable":true,"href":"https:\/\/cdscweb.fr\/nedji-du-graal\/wp-json\/wp\/v2\/categories?post=472"},{"taxonomy":"post_tag","embeddable":true,"href":"https:\/\/cdscweb.fr\/nedji-du-graal\/wp-json\/wp\/v2\/tags?post=472"}],"curies":[{"name":"wp","href":"https:\/\/api.w.org\/{rel}","templated":true}]}}