{"id":372,"date":"2015-12-23T16:35:29","date_gmt":"2015-12-23T14:35:29","guid":{"rendered":"http:\/\/cdscweb.fr\/nedjidugraal\/?p=372"},"modified":"2020-11-25T17:11:20","modified_gmt":"2020-11-25T16:11:20","slug":"22-decembre-2015-stage-jour-2","status":"publish","type":"post","link":"https:\/\/cdscweb.fr\/nedji-du-graal\/22-decembre-2015-stage-jour-2\/","title":{"rendered":"22 d\u00e9cembre 2015, stage jour 2"},"content":{"rendered":"<p>Je le crois pas\u00a0!<\/p>\n<p><img loading=\"lazy\" decoding=\"async\" class=\"aligncenter size-full wp-image-377\" src=\"https:\/\/cdscweb.fr\/nedji-du-graal\/wp-content\/uploads\/2016\/01\/151222-sylvie-0004.jpg\" alt=\"151222-sylvie-0004\" width=\"800\" height=\"527\" srcset=\"https:\/\/cdscweb.fr\/nedji-du-graal\/wp-content\/uploads\/2016\/01\/151222-sylvie-0004.jpg 800w, https:\/\/cdscweb.fr\/nedji-du-graal\/wp-content\/uploads\/2016\/01\/151222-sylvie-0004-300x198.jpg 300w, https:\/\/cdscweb.fr\/nedji-du-graal\/wp-content\/uploads\/2016\/01\/151222-sylvie-0004-768x506.jpg 768w, https:\/\/cdscweb.fr\/nedji-du-graal\/wp-content\/uploads\/2016\/01\/151222-sylvie-0004-150x99.jpg 150w\" sizes=\"auto, (max-width: 800px) 100vw, 800px\" \/><\/p>\n<p>C&rsquo;est avec Sylvie que je pensais\u00a0terminer le stage, mais \u00e0 la fin de la s\u00e9ance voil\u00e0 qu&rsquo;elle demande \u00e0 Karim si il veut m&rsquo;essayer : je suis flatt\u00e9, mais est-ce bien raisonnable ?<br \/>\n<em>(J&rsquo;ai su apr\u00e8s qu&rsquo;il avait trouv\u00e9 ma selle bien petite&#8230;)<\/em><\/p>\n<p><img loading=\"lazy\" decoding=\"async\" class=\"aligncenter size-full wp-image-375\" src=\"https:\/\/cdscweb.fr\/nedji-du-graal\/wp-content\/uploads\/2016\/01\/151222-karim-0010.jpg\" alt=\"151222-karim-0010\" width=\"800\" height=\"494\" srcset=\"https:\/\/cdscweb.fr\/nedji-du-graal\/wp-content\/uploads\/2016\/01\/151222-karim-0010.jpg 800w, https:\/\/cdscweb.fr\/nedji-du-graal\/wp-content\/uploads\/2016\/01\/151222-karim-0010-300x185.jpg 300w, https:\/\/cdscweb.fr\/nedji-du-graal\/wp-content\/uploads\/2016\/01\/151222-karim-0010-768x474.jpg 768w, https:\/\/cdscweb.fr\/nedji-du-graal\/wp-content\/uploads\/2016\/01\/151222-karim-0010-150x93.jpg 150w\" sizes=\"auto, (max-width: 800px) 100vw, 800px\" \/><\/p>\n<p>En tous cas il avait le sourire, \u00a0il a dit qu&rsquo;il pensait \u00e0 moi pour l&rsquo;indoor de Bordeaux : vous croyez que c&rsquo;est vrai\u00a0?<\/p>\n<p><img loading=\"lazy\" decoding=\"async\" class=\"aligncenter size-full wp-image-376\" src=\"https:\/\/cdscweb.fr\/nedji-du-graal\/wp-content\/uploads\/2016\/01\/151222-karim-0011.jpg\" alt=\"151222-karim-0011\" width=\"800\" height=\"549\" srcset=\"https:\/\/cdscweb.fr\/nedji-du-graal\/wp-content\/uploads\/2016\/01\/151222-karim-0011.jpg 800w, https:\/\/cdscweb.fr\/nedji-du-graal\/wp-content\/uploads\/2016\/01\/151222-karim-0011-300x206.jpg 300w, https:\/\/cdscweb.fr\/nedji-du-graal\/wp-content\/uploads\/2016\/01\/151222-karim-0011-768x527.jpg 768w, https:\/\/cdscweb.fr\/nedji-du-graal\/wp-content\/uploads\/2016\/01\/151222-karim-0011-150x103.jpg 150w\" sizes=\"auto, (max-width: 800px) 100vw, 800px\" \/><\/p>\n<p>J&rsquo;esp\u00e8re \u00eatre en forme pour le stage 2016 !<\/p>\n<!-- AddThis Advanced Settings generic via filter on the_content --><!-- AddThis Share Buttons generic via filter on the_content -->","protected":false},"excerpt":{"rendered":"<p>Je le crois pas\u00a0! C&rsquo;est avec\u2026<!-- AddThis Advanced Settings generic via filter on get_the_excerpt --><!-- AddThis Share Buttons generic via filter on get_the_excerpt --><\/p>\n<p class=\"continue-reading-button\"> <a class=\"continue-reading-link\" href=\"https:\/\/cdscweb.fr\/nedji-du-graal\/22-decembre-2015-stage-jour-2\/\">Lire la suite&#8230;<i class=\"crycon-right-dir\"><\/i><\/a><\/p>\n","protected":false},"author":1,"featured_media":375,"comment_status":"closed","ping_status":"closed","sticky":false,"template":"","format":"standard","meta":{"footnotes":""},"categories":[4],"tags":[24,33,37],"class_list":["post-372","post","type-post","status-publish","format-standard","has-post-thumbnail","hentry","category-dressage","tag-24","tag-karim","tag-sylvie"],"_links":{"self":[{"href":"https:\/\/cdscweb.fr\/nedji-du-graal\/wp-json\/wp\/v2\/posts\/372","targetHints":{"allow":["GET"]}}],"collection":[{"href":"https:\/\/cdscweb.fr\/nedji-du-graal\/wp-json\/wp\/v2\/posts"}],"about":[{"href":"https:\/\/cdscweb.fr\/nedji-du-graal\/wp-json\/wp\/v2\/types\/post"}],"author":[{"embeddable":true,"href":"https:\/\/cdscweb.fr\/nedji-du-graal\/wp-json\/wp\/v2\/users\/1"}],"replies":[{"embeddable":true,"href":"https:\/\/cdscweb.fr\/nedji-du-graal\/wp-json\/wp\/v2\/comments?post=372"}],"version-history":[{"count":2,"href":"https:\/\/cdscweb.fr\/nedji-du-graal\/wp-json\/wp\/v2\/posts\/372\/revisions"}],"predecessor-version":[{"id":924,"href":"https:\/\/cdscweb.fr\/nedji-du-graal\/wp-json\/wp\/v2\/posts\/372\/revisions\/924"}],"wp:featuredmedia":[{"embeddable":true,"href":"https:\/\/cdscweb.fr\/nedji-du-graal\/wp-json\/wp\/v2\/media\/375"}],"wp:attachment":[{"href":"https:\/\/cdscweb.fr\/nedji-du-graal\/wp-json\/wp\/v2\/media?parent=372"}],"wp:term":[{"taxonomy":"category","embeddable":true,"href":"https:\/\/cdscweb.fr\/nedji-du-graal\/wp-json\/wp\/v2\/categories?post=372"},{"taxonomy":"post_tag","embeddable":true,"href":"https:\/\/cdscweb.fr\/nedji-du-graal\/wp-json\/wp\/v2\/tags?post=372"}],"curies":[{"name":"wp","href":"https:\/\/api.w.org\/{rel}","templated":true}]}}