{"id":366,"date":"2015-12-20T16:30:41","date_gmt":"2015-12-20T14:30:41","guid":{"rendered":"http:\/\/cdscweb.fr\/nedjidugraal\/?p=366"},"modified":"2020-11-25T17:14:54","modified_gmt":"2020-11-25T16:14:54","slug":"19-decembre-2015-stage-jour-1","status":"publish","type":"post","link":"https:\/\/cdscweb.fr\/nedji-du-graal\/19-decembre-2015-stage-jour-1\/","title":{"rendered":"19 d\u00e9cembre 2015, stage jour 1"},"content":{"rendered":"<p>Cette ann\u00e9e Marjorie avait envie de travailler aussi\u00a0avec Karim, alors nous avons suivi ensemble la premi\u00e8re s\u00e9ance du samedi.<\/p>\n<p><img loading=\"lazy\" decoding=\"async\" class=\"aligncenter size-full wp-image-383\" src=\"https:\/\/cdscweb.fr\/nedji-du-graal\/wp-content\/uploads\/2016\/01\/Stage_Karim_026.jpg\" alt=\"Stage_Karim_026\" width=\"800\" height=\"578\" srcset=\"https:\/\/cdscweb.fr\/nedji-du-graal\/wp-content\/uploads\/2016\/01\/Stage_Karim_026.jpg 800w, https:\/\/cdscweb.fr\/nedji-du-graal\/wp-content\/uploads\/2016\/01\/Stage_Karim_026-300x217.jpg 300w, https:\/\/cdscweb.fr\/nedji-du-graal\/wp-content\/uploads\/2016\/01\/Stage_Karim_026-768x555.jpg 768w, https:\/\/cdscweb.fr\/nedji-du-graal\/wp-content\/uploads\/2016\/01\/Stage_Karim_026-150x108.jpg 150w\" sizes=\"auto, (max-width: 800px) 100vw, 800px\" \/><\/p>\n<p>Toute l&rsquo;ann\u00e9e je m&rsquo;\u00e9tais bien pr\u00e9par\u00e9 comme a dit Karim : beaucoup d&rsquo;\u00e9paule en avant, plus de gymnastique que de sp\u00e9cifique&#8230;<\/p>\n<p><img loading=\"lazy\" decoding=\"async\" class=\"aligncenter size-full wp-image-384\" src=\"https:\/\/cdscweb.fr\/nedji-du-graal\/wp-content\/uploads\/2016\/01\/Stage_Karim_038.jpg\" alt=\"Stage_Karim_038\" width=\"800\" height=\"480\" srcset=\"https:\/\/cdscweb.fr\/nedji-du-graal\/wp-content\/uploads\/2016\/01\/Stage_Karim_038.jpg 800w, https:\/\/cdscweb.fr\/nedji-du-graal\/wp-content\/uploads\/2016\/01\/Stage_Karim_038-300x180.jpg 300w, https:\/\/cdscweb.fr\/nedji-du-graal\/wp-content\/uploads\/2016\/01\/Stage_Karim_038-768x461.jpg 768w, https:\/\/cdscweb.fr\/nedji-du-graal\/wp-content\/uploads\/2016\/01\/Stage_Karim_038-150x90.jpg 150w\" sizes=\"auto, (max-width: 800px) 100vw, 800px\" \/><\/p>\n<p>Et franchement je crois que j&rsquo;ai \u00e9t\u00e9 assez bon : il m&rsquo;a encore fait tout plein de compliments !<\/p>\n<p><img loading=\"lazy\" decoding=\"async\" class=\"aligncenter size-full wp-image-385\" src=\"https:\/\/cdscweb.fr\/nedji-du-graal\/wp-content\/uploads\/2016\/01\/Stage_Karim_052.jpg\" alt=\"Stage_Karim_052\" width=\"800\" height=\"586\" srcset=\"https:\/\/cdscweb.fr\/nedji-du-graal\/wp-content\/uploads\/2016\/01\/Stage_Karim_052.jpg 800w, https:\/\/cdscweb.fr\/nedji-du-graal\/wp-content\/uploads\/2016\/01\/Stage_Karim_052-300x220.jpg 300w, https:\/\/cdscweb.fr\/nedji-du-graal\/wp-content\/uploads\/2016\/01\/Stage_Karim_052-768x563.jpg 768w, https:\/\/cdscweb.fr\/nedji-du-graal\/wp-content\/uploads\/2016\/01\/Stage_Karim_052-150x110.jpg 150w\" sizes=\"auto, (max-width: 800px) 100vw, 800px\" \/><\/p>\n<p>Comme Karim reste quatre jours cette ann\u00e9e, je ferai la deuxi\u00e8me s\u00e9ance mardi, \u00e7a va me laisser du temps pour r\u00e9cup\u00e9rer&#8230;<\/p>\n<!-- AddThis Advanced Settings generic via filter on the_content --><!-- AddThis Share Buttons generic via filter on the_content -->","protected":false},"excerpt":{"rendered":"<p>Cette ann\u00e9e Marjorie avait envie de\u2026<!-- AddThis Advanced Settings generic via filter on get_the_excerpt --><!-- AddThis Share Buttons generic via filter on get_the_excerpt --><\/p>\n<p class=\"continue-reading-button\"> <a class=\"continue-reading-link\" href=\"https:\/\/cdscweb.fr\/nedji-du-graal\/19-decembre-2015-stage-jour-1\/\">Lire la suite&#8230;<i class=\"crycon-right-dir\"><\/i><\/a><\/p>\n","protected":false},"author":1,"featured_media":383,"comment_status":"closed","ping_status":"closed","sticky":false,"template":"","format":"standard","meta":{"footnotes":""},"categories":[4],"tags":[24,33,35],"class_list":["post-366","post","type-post","status-publish","format-standard","has-post-thumbnail","hentry","category-dressage","tag-24","tag-karim","tag-marjorie"],"_links":{"self":[{"href":"https:\/\/cdscweb.fr\/nedji-du-graal\/wp-json\/wp\/v2\/posts\/366","targetHints":{"allow":["GET"]}}],"collection":[{"href":"https:\/\/cdscweb.fr\/nedji-du-graal\/wp-json\/wp\/v2\/posts"}],"about":[{"href":"https:\/\/cdscweb.fr\/nedji-du-graal\/wp-json\/wp\/v2\/types\/post"}],"author":[{"embeddable":true,"href":"https:\/\/cdscweb.fr\/nedji-du-graal\/wp-json\/wp\/v2\/users\/1"}],"replies":[{"embeddable":true,"href":"https:\/\/cdscweb.fr\/nedji-du-graal\/wp-json\/wp\/v2\/comments?post=366"}],"version-history":[{"count":1,"href":"https:\/\/cdscweb.fr\/nedji-du-graal\/wp-json\/wp\/v2\/posts\/366\/revisions"}],"predecessor-version":[{"id":925,"href":"https:\/\/cdscweb.fr\/nedji-du-graal\/wp-json\/wp\/v2\/posts\/366\/revisions\/925"}],"wp:featuredmedia":[{"embeddable":true,"href":"https:\/\/cdscweb.fr\/nedji-du-graal\/wp-json\/wp\/v2\/media\/383"}],"wp:attachment":[{"href":"https:\/\/cdscweb.fr\/nedji-du-graal\/wp-json\/wp\/v2\/media?parent=366"}],"wp:term":[{"taxonomy":"category","embeddable":true,"href":"https:\/\/cdscweb.fr\/nedji-du-graal\/wp-json\/wp\/v2\/categories?post=366"},{"taxonomy":"post_tag","embeddable":true,"href":"https:\/\/cdscweb.fr\/nedji-du-graal\/wp-json\/wp\/v2\/tags?post=366"}],"curies":[{"name":"wp","href":"https:\/\/api.w.org\/{rel}","templated":true}]}}