{"id":260,"date":"2014-12-22T12:04:48","date_gmt":"2014-12-22T11:04:48","guid":{"rendered":"http:\/\/cdscweb.fr\/nedji\/?p=260"},"modified":"2020-11-25T23:29:04","modified_gmt":"2020-11-25T22:29:04","slug":"20-et-21-decembre-2014-stage","status":"publish","type":"post","link":"https:\/\/cdscweb.fr\/nedji-du-graal\/20-et-21-decembre-2014-stage\/","title":{"rendered":"20 et 21 d\u00e9cembre 2014, stage"},"content":{"rendered":"<p style=\"text-align: center;\">Notre ami Karim Laghouag est revenu nous voir aux \u00e9curies,<br \/>\nvous savez qu&rsquo;avec Gwen ils ont \u00e9t\u00e9 deuxi\u00e8mes<br \/>\ndu Grand National de Concours Complet 2014 ?<br \/>\nSylvie et Christian sont all\u00e9s les voir \u00e0 Saumur,<br \/>\nil para\u00eet que c&rsquo;\u00e9tait tr\u00e8s beau !<\/p>\n<p style=\"text-align: center;\"><img loading=\"lazy\" decoding=\"async\" class=\"aligncenter size-full wp-image-951\" src=\"https:\/\/cdscweb.fr\/nedji-du-graal\/wp-content\/uploads\/2014-07-27-prix.jpg\" alt=\"\" width=\"600\" height=\"469\" srcset=\"https:\/\/cdscweb.fr\/nedji-du-graal\/wp-content\/uploads\/2014-07-27-prix.jpg 600w, https:\/\/cdscweb.fr\/nedji-du-graal\/wp-content\/uploads\/2014-07-27-prix-300x235.jpg 300w, https:\/\/cdscweb.fr\/nedji-du-graal\/wp-content\/uploads\/2014-07-27-prix-150x117.jpg 150w\" sizes=\"auto, (max-width: 600px) 100vw, 600px\" \/><\/p>\n<p style=\"text-align: center;\">Donc ce week-end j&rsquo;ai encore eu la chance<br \/>\nde participer aux deux s\u00e9ances de dressage de ce stage :<br \/>\ndu travail vraiment tr\u00e8s int\u00e9ressant,<br \/>\navec plus de jambes et moins de mains.<\/p>\n<p><a href=\"https:\/\/cdscweb.fr\/nedji-du-graal\/wp-content\/uploads\/2014-12-21-stage-karim-0006.jpg\" target=\"_blank\" rel=\"noopener noreferrer\"><img loading=\"lazy\" decoding=\"async\" class=\"aligncenter wp-image-948\" src=\"https:\/\/cdscweb.fr\/nedji-du-graal\/wp-content\/uploads\/2014-12-21-stage-karim-0006.jpg\" alt=\"\" width=\"600\" height=\"402\" srcset=\"https:\/\/cdscweb.fr\/nedji-du-graal\/wp-content\/uploads\/2014-12-21-stage-karim-0006.jpg 2000w, https:\/\/cdscweb.fr\/nedji-du-graal\/wp-content\/uploads\/2014-12-21-stage-karim-0006-300x201.jpg 300w, https:\/\/cdscweb.fr\/nedji-du-graal\/wp-content\/uploads\/2014-12-21-stage-karim-0006-800x536.jpg 800w, https:\/\/cdscweb.fr\/nedji-du-graal\/wp-content\/uploads\/2014-12-21-stage-karim-0006-768x515.jpg 768w, https:\/\/cdscweb.fr\/nedji-du-graal\/wp-content\/uploads\/2014-12-21-stage-karim-0006-1536x1029.jpg 1536w, https:\/\/cdscweb.fr\/nedji-du-graal\/wp-content\/uploads\/2014-12-21-stage-karim-0006-150x101.jpg 150w, https:\/\/cdscweb.fr\/nedji-du-graal\/wp-content\/uploads\/2014-12-21-stage-karim-0006-1320x884.jpg 1320w\" sizes=\"auto, (max-width: 600px) 100vw, 600px\" \/><\/a><\/p>\n<p style=\"text-align: center;\">\u00c0 nos \u00e2ges,<br \/>\nSylvie et moi avons parfois un peu de mal \u00e0 changer nos habitudes,<br \/>\nmais on s&rsquo;applique&#8230;<br \/>\n<em>(Je n&rsquo;ai plus tout l&rsquo;\u00e9quilibre de ma jeunesse,<br \/>\net le deuxi\u00e8me jour j&rsquo;avais quelques courbatures !)<\/em><\/p>\n<p style=\"text-align: center;\"><img loading=\"lazy\" decoding=\"async\" class=\"aligncenter size-full wp-image-953\" src=\"https:\/\/cdscweb.fr\/nedji-du-graal\/wp-content\/uploads\/2014-stage-dec-0002.jpg\" alt=\"\" width=\"600\" height=\"400\" srcset=\"https:\/\/cdscweb.fr\/nedji-du-graal\/wp-content\/uploads\/2014-stage-dec-0002.jpg 600w, https:\/\/cdscweb.fr\/nedji-du-graal\/wp-content\/uploads\/2014-stage-dec-0002-300x200.jpg 300w, https:\/\/cdscweb.fr\/nedji-du-graal\/wp-content\/uploads\/2014-stage-dec-0002-150x100.jpg 150w\" sizes=\"auto, (max-width: 600px) 100vw, 600px\" \/><\/p>\n<p style=\"text-align: center;\">Et puis Karim est tr\u00e8s gentil :<br \/>\nil a dit que j&rsquo;\u00e9tais souple,<br \/>\nqu&rsquo;on voyait \u00e0 ma t\u00eate que j&rsquo;aimais mon travail,<br \/>\net il m&rsquo;a m\u00eame fait un c\u00e2lin&#8230;<\/p>\n<p style=\"text-align: center;\"><img loading=\"lazy\" decoding=\"async\" class=\"aligncenter size-full wp-image-958\" src=\"https:\/\/cdscweb.fr\/nedji-du-graal\/wp-content\/uploads\/2014-stage-dec-0008.jpg\" alt=\"\" width=\"600\" height=\"400\" srcset=\"https:\/\/cdscweb.fr\/nedji-du-graal\/wp-content\/uploads\/2014-stage-dec-0008.jpg 600w, https:\/\/cdscweb.fr\/nedji-du-graal\/wp-content\/uploads\/2014-stage-dec-0008-300x200.jpg 300w, https:\/\/cdscweb.fr\/nedji-du-graal\/wp-content\/uploads\/2014-stage-dec-0008-150x100.jpg 150w\" sizes=\"auto, (max-width: 600px) 100vw, 600px\" \/><\/p>\n<p style=\"text-align: center;\">Je l&rsquo;ai bien remerci\u00e9,<br \/>\nj&rsquo;esp\u00e8re que je pourrai encore travailler avec lui&#8230;<\/p>\n<p style=\"text-align: center;\"><img loading=\"lazy\" decoding=\"async\" class=\"aligncenter size-full wp-image-954\" src=\"https:\/\/cdscweb.fr\/nedji-du-graal\/wp-content\/uploads\/2014-stage-dec-0003.jpg\" alt=\"\" width=\"600\" height=\"400\" srcset=\"https:\/\/cdscweb.fr\/nedji-du-graal\/wp-content\/uploads\/2014-stage-dec-0003.jpg 600w, https:\/\/cdscweb.fr\/nedji-du-graal\/wp-content\/uploads\/2014-stage-dec-0003-300x200.jpg 300w, https:\/\/cdscweb.fr\/nedji-du-graal\/wp-content\/uploads\/2014-stage-dec-0003-150x100.jpg 150w\" sizes=\"auto, (max-width: 600px) 100vw, 600px\" \/><\/p>\n<p style=\"text-align: center;\">Merci encore \u00e0 Christian, <strong><em>mon<\/em> <\/strong>photographe,<br \/>\nqui a eu un peu froid pour m&rsquo;offrir ces souvenirs.<\/p>\n<!-- AddThis Advanced Settings generic via filter on the_content --><!-- AddThis Share Buttons generic via filter on the_content -->","protected":false},"excerpt":{"rendered":"<p>Notre ami Karim Laghouag est revenu\u2026<!-- AddThis Advanced Settings generic via filter on get_the_excerpt --><!-- AddThis Share Buttons generic via filter on get_the_excerpt --><\/p>\n<p class=\"continue-reading-button\"> <a class=\"continue-reading-link\" href=\"https:\/\/cdscweb.fr\/nedji-du-graal\/20-et-21-decembre-2014-stage\/\">Lire la suite&#8230;<i class=\"crycon-right-dir\"><\/i><\/a><\/p>\n","protected":false},"author":1,"featured_media":948,"comment_status":"closed","ping_status":"closed","sticky":false,"template":"","format":"standard","meta":{"footnotes":""},"categories":[4],"tags":[23,27,33,37],"class_list":["post-260","post","type-post","status-publish","format-standard","has-post-thumbnail","hentry","category-dressage","tag-23","tag-christian","tag-karim","tag-sylvie"],"_links":{"self":[{"href":"https:\/\/cdscweb.fr\/nedji-du-graal\/wp-json\/wp\/v2\/posts\/260","targetHints":{"allow":["GET"]}}],"collection":[{"href":"https:\/\/cdscweb.fr\/nedji-du-graal\/wp-json\/wp\/v2\/posts"}],"about":[{"href":"https:\/\/cdscweb.fr\/nedji-du-graal\/wp-json\/wp\/v2\/types\/post"}],"author":[{"embeddable":true,"href":"https:\/\/cdscweb.fr\/nedji-du-graal\/wp-json\/wp\/v2\/users\/1"}],"replies":[{"embeddable":true,"href":"https:\/\/cdscweb.fr\/nedji-du-graal\/wp-json\/wp\/v2\/comments?post=260"}],"version-history":[{"count":4,"href":"https:\/\/cdscweb.fr\/nedji-du-graal\/wp-json\/wp\/v2\/posts\/260\/revisions"}],"predecessor-version":[{"id":960,"href":"https:\/\/cdscweb.fr\/nedji-du-graal\/wp-json\/wp\/v2\/posts\/260\/revisions\/960"}],"wp:featuredmedia":[{"embeddable":true,"href":"https:\/\/cdscweb.fr\/nedji-du-graal\/wp-json\/wp\/v2\/media\/948"}],"wp:attachment":[{"href":"https:\/\/cdscweb.fr\/nedji-du-graal\/wp-json\/wp\/v2\/media?parent=260"}],"wp:term":[{"taxonomy":"category","embeddable":true,"href":"https:\/\/cdscweb.fr\/nedji-du-graal\/wp-json\/wp\/v2\/categories?post=260"},{"taxonomy":"post_tag","embeddable":true,"href":"https:\/\/cdscweb.fr\/nedji-du-graal\/wp-json\/wp\/v2\/tags?post=260"}],"curies":[{"name":"wp","href":"https:\/\/api.w.org\/{rel}","templated":true}]}}