{"id":249,"date":"2014-12-14T16:28:43","date_gmt":"2014-12-14T15:28:43","guid":{"rendered":"http:\/\/cdscweb.fr\/nedji\/?p=249"},"modified":"2020-11-26T11:54:06","modified_gmt":"2020-11-26T10:54:06","slug":"14-decembre-2014-puissance-a-lecurie-des-houarn","status":"publish","type":"post","link":"https:\/\/cdscweb.fr\/nedji-du-graal\/14-decembre-2014-puissance-a-lecurie-des-houarn\/","title":{"rendered":"14 d\u00e9cembre 2014, puissance"},"content":{"rendered":"<p style=\"text-align: center;\">Comme tous les ans \u00e0 l&rsquo;approche de No\u00ebl,<br \/>\nune \u00e9preuve de puissance est organis\u00e9e aux \u00c9curies des Houarn,<br \/>\npour les propri\u00e9taires qui le souhaitent.<\/p>\n<p style=\"text-align: center;\">Alice et Urga, Andy et Meryl, Emmeline et Op\u00e9ra,<br \/>\nJulie et Jivaro, Pauline et Vivaldy, Sylvie et moi (hors concours&#8230;)<br \/>\nnous sommes retrouv\u00e9s sur la carri\u00e8re ce dimanche vers 11 heures.<\/p>\n<p style=\"text-align: center;\">Op\u00e9ra et Emmeline ont remport\u00e9 l&rsquo;\u00e9preuve, aux environs d&rsquo;1 m\u00e8tre 60.<\/p>\n<p style=\"text-align: center;\">Moi, pour m&rsquo;\u00e9conomiser,<br \/>\nje n&rsquo;ai pass\u00e9 que le premier obstacle (une barre au sol)<br \/>\net le dernier (oui oui, 1 m\u00e8tre 60 et m\u00eame plus !).<\/p>\n<p style=\"text-align: center;\">D&rsquo;abord au pas :<\/p>\n<p style=\"text-align: center;\"><img loading=\"lazy\" decoding=\"async\" class=\"aligncenter size-full wp-image-1000\" src=\"https:\/\/cdscweb.fr\/nedji-du-graal\/wp-content\/uploads\/2015-nedji-barre-pas.jpg\" alt=\"\" width=\"257\" height=\"300\" srcset=\"https:\/\/cdscweb.fr\/nedji-du-graal\/wp-content\/uploads\/2015-nedji-barre-pas.jpg 257w, https:\/\/cdscweb.fr\/nedji-du-graal\/wp-content\/uploads\/2015-nedji-barre-pas-129x150.jpg 129w\" sizes=\"auto, (max-width: 257px) 100vw, 257px\" \/><\/p>\n<p style=\"text-align: center;\">puis au trot :<\/p>\n<p style=\"text-align: center;\"><img loading=\"lazy\" decoding=\"async\" class=\"aligncenter size-full wp-image-1001\" src=\"https:\/\/cdscweb.fr\/nedji-du-graal\/wp-content\/uploads\/2015-nedji-barre-trot.jpg\" alt=\"\" width=\"252\" height=\"275\" srcset=\"https:\/\/cdscweb.fr\/nedji-du-graal\/wp-content\/uploads\/2015-nedji-barre-trot.jpg 252w, https:\/\/cdscweb.fr\/nedji-du-graal\/wp-content\/uploads\/2015-nedji-barre-trot-137x150.jpg 137w\" sizes=\"auto, (max-width: 252px) 100vw, 252px\" \/><\/p>\n<p style=\"text-align: center;\">et m\u00eame au galop !<\/p>\n<p style=\"text-align: center;\"><img loading=\"lazy\" decoding=\"async\" class=\"aligncenter size-full wp-image-999\" src=\"https:\/\/cdscweb.fr\/nedji-du-graal\/wp-content\/uploads\/2015-nedji-barre-galop.jpg\" alt=\"\" width=\"256\" height=\"284\" srcset=\"https:\/\/cdscweb.fr\/nedji-du-graal\/wp-content\/uploads\/2015-nedji-barre-galop.jpg 256w, https:\/\/cdscweb.fr\/nedji-du-graal\/wp-content\/uploads\/2015-nedji-barre-galop-135x150.jpg 135w\" sizes=\"auto, (max-width: 256px) 100vw, 256px\" \/><\/p>\n<p style=\"text-align: center;\"><em>Il est vrai que je m&rsquo;entra\u00eene toutes les semaines<br \/>\nen entrant et en sortant du rond de longe sans ouvrir le fil&#8230;<\/em><\/p>\n<p style=\"text-align: center;\">Rassurez-vous, pour la barre au sol, j&rsquo;\u00e9tais pass\u00e9 au-dessus !<\/p>\n<!-- AddThis Advanced Settings generic via filter on the_content --><!-- AddThis Share Buttons generic via filter on the_content -->","protected":false},"excerpt":{"rendered":"<p>Comme tous les ans \u00e0 l&rsquo;approche\u2026<!-- AddThis Advanced Settings generic via filter on get_the_excerpt --><!-- AddThis Share Buttons generic via filter on get_the_excerpt --><\/p>\n<p class=\"continue-reading-button\"> <a class=\"continue-reading-link\" href=\"https:\/\/cdscweb.fr\/nedji-du-graal\/14-decembre-2014-puissance-a-lecurie-des-houarn\/\">Lire la suite&#8230;<i class=\"crycon-right-dir\"><\/i><\/a><\/p>\n","protected":false},"author":1,"featured_media":999,"comment_status":"closed","ping_status":"closed","sticky":false,"template":"","format":"standard","meta":{"footnotes":""},"categories":[9],"tags":[23,37],"class_list":["post-249","post","type-post","status-publish","format-standard","has-post-thumbnail","hentry","category-saut-dobstacles","tag-23","tag-sylvie"],"_links":{"self":[{"href":"https:\/\/cdscweb.fr\/nedji-du-graal\/wp-json\/wp\/v2\/posts\/249","targetHints":{"allow":["GET"]}}],"collection":[{"href":"https:\/\/cdscweb.fr\/nedji-du-graal\/wp-json\/wp\/v2\/posts"}],"about":[{"href":"https:\/\/cdscweb.fr\/nedji-du-graal\/wp-json\/wp\/v2\/types\/post"}],"author":[{"embeddable":true,"href":"https:\/\/cdscweb.fr\/nedji-du-graal\/wp-json\/wp\/v2\/users\/1"}],"replies":[{"embeddable":true,"href":"https:\/\/cdscweb.fr\/nedji-du-graal\/wp-json\/wp\/v2\/comments?post=249"}],"version-history":[{"count":2,"href":"https:\/\/cdscweb.fr\/nedji-du-graal\/wp-json\/wp\/v2\/posts\/249\/revisions"}],"predecessor-version":[{"id":1003,"href":"https:\/\/cdscweb.fr\/nedji-du-graal\/wp-json\/wp\/v2\/posts\/249\/revisions\/1003"}],"wp:featuredmedia":[{"embeddable":true,"href":"https:\/\/cdscweb.fr\/nedji-du-graal\/wp-json\/wp\/v2\/media\/999"}],"wp:attachment":[{"href":"https:\/\/cdscweb.fr\/nedji-du-graal\/wp-json\/wp\/v2\/media?parent=249"}],"wp:term":[{"taxonomy":"category","embeddable":true,"href":"https:\/\/cdscweb.fr\/nedji-du-graal\/wp-json\/wp\/v2\/categories?post=249"},{"taxonomy":"post_tag","embeddable":true,"href":"https:\/\/cdscweb.fr\/nedji-du-graal\/wp-json\/wp\/v2\/tags?post=249"}],"curies":[{"name":"wp","href":"https:\/\/api.w.org\/{rel}","templated":true}]}}