{"id":19,"date":"2004-07-31T11:26:29","date_gmt":"2004-07-31T10:26:29","guid":{"rendered":"http:\/\/cdscweb.fr\/nedji\/?p=19"},"modified":"2020-11-25T17:19:18","modified_gmt":"2020-11-25T16:19:18","slug":"2004","status":"publish","type":"post","link":"https:\/\/cdscweb.fr\/nedji-du-graal\/2004\/","title":{"rendered":"Championnat de France Club 2004"},"content":{"rendered":"<p style=\"text-align: left;\" align=\"center\">\u00a0<a href=\"https:\/\/cdscweb.fr\/nedji-du-graal\/wp-content\/uploads\/2004\/07\/2004-lamotte.jpg\" target=\"_blank\" rel=\"noopener noreferrer\"><img loading=\"lazy\" decoding=\"async\" class=\"alignleft wp-image-526 size-medium\" src=\"https:\/\/cdscweb.fr\/nedji-du-graal\/wp-content\/uploads\/2004\/07\/2004-lamotte-300x216.jpg\" alt=\"\" width=\"300\" height=\"216\" srcset=\"https:\/\/cdscweb.fr\/nedji-du-graal\/wp-content\/uploads\/2004\/07\/2004-lamotte-300x216.jpg 300w, https:\/\/cdscweb.fr\/nedji-du-graal\/wp-content\/uploads\/2004\/07\/2004-lamotte-150x108.jpg 150w, https:\/\/cdscweb.fr\/nedji-du-graal\/wp-content\/uploads\/2004\/07\/2004-lamotte.jpg 499w\" sizes=\"auto, (max-width: 300px) 100vw, 300px\" \/><\/a>En juillet,\u00a0j&#8217;emm\u00e8ne Sylvie et Roselyne (qui nous fait travailler depuis un an)\u00a0\u00e0 Lamotte-Beuvron.<\/p>\n<div>\n<p style=\"text-align: left;\" align=\"center\">Apr\u00e8s une 2\u00e8me place en Reprise Libre en Musique avec le beau score de 74,50 %,\u00a0nous terminons 5\u00e8mes du Championnat de France de dressage,\u00a0en cat\u00e9gorie E1+ (l&rsquo;actuelle Club \u00c9lite S\u00e9nior).<br \/>\n<em>Sur les impos\u00e9es, j&rsquo;ai toujours \u00e9t\u00e9 moins inspir\u00e9&#8230;\u00a0<\/em><\/p>\n<audio class=\"wp-audio-shortcode\" id=\"audio-19-1\" preload=\"none\" style=\"width: 100%;\" controls=\"controls\"><source type=\"audio\/mpeg\" src=\"https:\/\/cdscweb.fr\/nedji-du-graal\/wp-content\/uploads\/2004\/07\/rlm-steppe.mp3?_=1\" \/><a href=\"https:\/\/cdscweb.fr\/nedji-du-graal\/wp-content\/uploads\/2004\/07\/rlm-steppe.mp3\">https:\/\/cdscweb.fr\/nedji-du-graal\/wp-content\/uploads\/2004\/07\/rlm-steppe.mp3<\/a><\/audio>\n<p style=\"text-align: right;\" align=\"center\">\u00a0Reprise Libre en Musique sur une musique de Ren\u00e9 Aubry (Steppe)<\/p>\n<\/div>\n<!-- AddThis Advanced Settings generic via filter on the_content --><!-- AddThis Share Buttons generic via filter on the_content -->","protected":false},"excerpt":{"rendered":"<p>\u00a0En juillet,\u00a0j&#8217;emm\u00e8ne Sylvie et Roselyne (qui\u2026<!-- AddThis Advanced Settings generic via filter on get_the_excerpt --><!-- AddThis Share Buttons generic via filter on get_the_excerpt --><\/p>\n<p class=\"continue-reading-button\"> <a class=\"continue-reading-link\" href=\"https:\/\/cdscweb.fr\/nedji-du-graal\/2004\/\">Lire la suite&#8230;<i class=\"crycon-right-dir\"><\/i><\/a><\/p>\n","protected":false},"author":1,"featured_media":526,"comment_status":"closed","ping_status":"closed","sticky":false,"template":"","format":"standard","meta":{"footnotes":""},"categories":[4],"tags":[13,36,37],"class_list":["post-19","post","type-post","status-publish","format-standard","has-post-thumbnail","hentry","category-dressage","tag-13","tag-roselyne","tag-sylvie"],"_links":{"self":[{"href":"https:\/\/cdscweb.fr\/nedji-du-graal\/wp-json\/wp\/v2\/posts\/19","targetHints":{"allow":["GET"]}}],"collection":[{"href":"https:\/\/cdscweb.fr\/nedji-du-graal\/wp-json\/wp\/v2\/posts"}],"about":[{"href":"https:\/\/cdscweb.fr\/nedji-du-graal\/wp-json\/wp\/v2\/types\/post"}],"author":[{"embeddable":true,"href":"https:\/\/cdscweb.fr\/nedji-du-graal\/wp-json\/wp\/v2\/users\/1"}],"replies":[{"embeddable":true,"href":"https:\/\/cdscweb.fr\/nedji-du-graal\/wp-json\/wp\/v2\/comments?post=19"}],"version-history":[{"count":6,"href":"https:\/\/cdscweb.fr\/nedji-du-graal\/wp-json\/wp\/v2\/posts\/19\/revisions"}],"predecessor-version":[{"id":927,"href":"https:\/\/cdscweb.fr\/nedji-du-graal\/wp-json\/wp\/v2\/posts\/19\/revisions\/927"}],"wp:featuredmedia":[{"embeddable":true,"href":"https:\/\/cdscweb.fr\/nedji-du-graal\/wp-json\/wp\/v2\/media\/526"}],"wp:attachment":[{"href":"https:\/\/cdscweb.fr\/nedji-du-graal\/wp-json\/wp\/v2\/media?parent=19"}],"wp:term":[{"taxonomy":"category","embeddable":true,"href":"https:\/\/cdscweb.fr\/nedji-du-graal\/wp-json\/wp\/v2\/categories?post=19"},{"taxonomy":"post_tag","embeddable":true,"href":"https:\/\/cdscweb.fr\/nedji-du-graal\/wp-json\/wp\/v2\/tags?post=19"}],"curies":[{"name":"wp","href":"https:\/\/api.w.org\/{rel}","templated":true}]}}