{"id":186,"date":"2013-03-12T14:33:38","date_gmt":"2013-03-12T13:33:38","guid":{"rendered":"http:\/\/cdscweb.fr\/nedji\/?p=186"},"modified":"2020-11-26T11:49:17","modified_gmt":"2020-11-26T10:49:17","slug":"2013-2014","status":"publish","type":"post","link":"https:\/\/cdscweb.fr\/nedji-du-graal\/2013-2014\/","title":{"rendered":"2013"},"content":{"rendered":"<p style=\"text-align: center;\">Depuis janvier 2013, j&rsquo;habite dans une \u00e9curie de CCE,<br \/>\n<strong><a title=\"\u00c9curie des Houarn\" href=\"http:\/\/www.gwendolenfer.com\/\" target=\"_blank\" rel=\"noopener noreferrer\">l&rsquo;\u00c9curie des Houarn chez Gwendolen Fer<\/a><\/strong> :<br \/>\nL\u00e9ria du Ter, Op\u00e9ra Fleuri, Romantic Love,<br \/>\nc&rsquo;est autre chose que mes petits complets&#8230;<\/p>\n<p><img loading=\"lazy\" decoding=\"async\" class=\"aligncenter wp-image-965\" src=\"https:\/\/cdscweb.fr\/nedji-du-graal\/wp-content\/uploads\/gwendolen-fer-romantic-love.jpg\" alt=\"\" width=\"600\" height=\"374\" srcset=\"https:\/\/cdscweb.fr\/nedji-du-graal\/wp-content\/uploads\/gwendolen-fer-romantic-love.jpg 635w, https:\/\/cdscweb.fr\/nedji-du-graal\/wp-content\/uploads\/gwendolen-fer-romantic-love-300x187.jpg 300w, https:\/\/cdscweb.fr\/nedji-du-graal\/wp-content\/uploads\/gwendolen-fer-romantic-love-150x94.jpg 150w\" sizes=\"auto, (max-width: 600px) 100vw, 600px\" \/><\/p>\n<p style=\"text-align: center;\">J&rsquo;y suis vraiment tr\u00e8s bien :<br \/>\nau pr\u00e9 toute la journ\u00e9e quand le terrain est assez sec,<br \/>\nsinon deux heures de paddock en sable avec mon vieux copain Sikasso<br \/>\n(nous \u00e9tions ensemble \u00e0 Montlaur).<\/p>\n<p style=\"text-align: center;\"><img loading=\"lazy\" decoding=\"async\" class=\"aligncenter size-full wp-image-968\" src=\"https:\/\/cdscweb.fr\/nedji-du-graal\/wp-content\/uploads\/2013-10-pre.jpg\" alt=\"\" width=\"600\" height=\"428\" srcset=\"https:\/\/cdscweb.fr\/nedji-du-graal\/wp-content\/uploads\/2013-10-pre.jpg 600w, https:\/\/cdscweb.fr\/nedji-du-graal\/wp-content\/uploads\/2013-10-pre-300x214.jpg 300w, https:\/\/cdscweb.fr\/nedji-du-graal\/wp-content\/uploads\/2013-10-pre-150x107.jpg 150w\" sizes=\"auto, (max-width: 600px) 100vw, 600px\" \/><\/p>\n<p style=\"text-align: center;\">Un box super grand (pour moi) avec de la paille jusqu&rsquo;au ventre,<br \/>\ndes soins en rentrant du pr\u00e9,<br \/>\nle r\u00eave&#8230;<\/p>\n<p style=\"text-align: center;\"><img loading=\"lazy\" decoding=\"async\" class=\"aligncenter size-full wp-image-966\" src=\"https:\/\/cdscweb.fr\/nedji-du-graal\/wp-content\/uploads\/2013-10-box.jpg\" alt=\"\" width=\"600\" height=\"400\" srcset=\"https:\/\/cdscweb.fr\/nedji-du-graal\/wp-content\/uploads\/2013-10-box.jpg 600w, https:\/\/cdscweb.fr\/nedji-du-graal\/wp-content\/uploads\/2013-10-box-300x200.jpg 300w, https:\/\/cdscweb.fr\/nedji-du-graal\/wp-content\/uploads\/2013-10-box-150x100.jpg 150w\" sizes=\"auto, (max-width: 600px) 100vw, 600px\" \/><\/p>\n<p style=\"text-align: center;\">Je continue \u00e0 travailler,<br \/>\nune longe par semaine et une ou deux s\u00e9ances mont\u00e9 :<br \/>\ndu dressage avec Sylvie ou Marjorie,<br \/>\nun peu de saut avec Marjorie ou Julie<br \/>\n(c&rsquo;est une cavali\u00e8re de l&rsquo;\u00c9curie \u00e0 ma taille&#8230;),<br \/>\ndes balades avec Sikasso ou m\u00eame tout seul.<br \/>\nJ&rsquo;ai beaucoup progress\u00e9 dehors,<br \/>\nje n&rsquo;ai presque plus peur des champignons&#8230;<\/p>\n<p style=\"text-align: center;\"><img loading=\"lazy\" decoding=\"async\" class=\"aligncenter size-full wp-image-967\" src=\"https:\/\/cdscweb.fr\/nedji-du-graal\/wp-content\/uploads\/2013-10-longe.jpg\" alt=\"\" width=\"600\" height=\"400\" srcset=\"https:\/\/cdscweb.fr\/nedji-du-graal\/wp-content\/uploads\/2013-10-longe.jpg 600w, https:\/\/cdscweb.fr\/nedji-du-graal\/wp-content\/uploads\/2013-10-longe-300x200.jpg 300w, https:\/\/cdscweb.fr\/nedji-du-graal\/wp-content\/uploads\/2013-10-longe-150x100.jpg 150w\" sizes=\"auto, (max-width: 600px) 100vw, 600px\" \/><\/p>\n<p style=\"text-align: center;\">Sylvie et moi prenons un cours toutes les semaines avec Gwendolen,<br \/>\ncomme \u00e7a je m&rsquo;entretiens :<br \/>\nl&rsquo;ost\u00e9opathe est tr\u00e8s fier de moi !<\/p>\n<!-- AddThis Advanced Settings generic via filter on the_content --><!-- AddThis Share Buttons generic via filter on the_content -->","protected":false},"excerpt":{"rendered":"<p>Depuis janvier 2013, j&rsquo;habite dans une\u2026<!-- AddThis Advanced Settings generic via filter on get_the_excerpt --><!-- AddThis Share Buttons generic via filter on get_the_excerpt --><\/p>\n<p class=\"continue-reading-button\"> <a class=\"continue-reading-link\" href=\"https:\/\/cdscweb.fr\/nedji-du-graal\/2013-2014\/\">Lire la suite&#8230;<i class=\"crycon-right-dir\"><\/i><\/a><\/p>\n","protected":false},"author":1,"featured_media":966,"comment_status":"closed","ping_status":"closed","sticky":false,"template":"","format":"standard","meta":{"footnotes":""},"categories":[7],"tags":[22,30,32,35,37],"class_list":["post-186","post","type-post","status-publish","format-standard","has-post-thumbnail","hentry","category-news","tag-22","tag-gwendolen","tag-julie","tag-marjorie","tag-sylvie"],"_links":{"self":[{"href":"https:\/\/cdscweb.fr\/nedji-du-graal\/wp-json\/wp\/v2\/posts\/186","targetHints":{"allow":["GET"]}}],"collection":[{"href":"https:\/\/cdscweb.fr\/nedji-du-graal\/wp-json\/wp\/v2\/posts"}],"about":[{"href":"https:\/\/cdscweb.fr\/nedji-du-graal\/wp-json\/wp\/v2\/types\/post"}],"author":[{"embeddable":true,"href":"https:\/\/cdscweb.fr\/nedji-du-graal\/wp-json\/wp\/v2\/users\/1"}],"replies":[{"embeddable":true,"href":"https:\/\/cdscweb.fr\/nedji-du-graal\/wp-json\/wp\/v2\/comments?post=186"}],"version-history":[{"count":2,"href":"https:\/\/cdscweb.fr\/nedji-du-graal\/wp-json\/wp\/v2\/posts\/186\/revisions"}],"predecessor-version":[{"id":969,"href":"https:\/\/cdscweb.fr\/nedji-du-graal\/wp-json\/wp\/v2\/posts\/186\/revisions\/969"}],"wp:featuredmedia":[{"embeddable":true,"href":"https:\/\/cdscweb.fr\/nedji-du-graal\/wp-json\/wp\/v2\/media\/966"}],"wp:attachment":[{"href":"https:\/\/cdscweb.fr\/nedji-du-graal\/wp-json\/wp\/v2\/media?parent=186"}],"wp:term":[{"taxonomy":"category","embeddable":true,"href":"https:\/\/cdscweb.fr\/nedji-du-graal\/wp-json\/wp\/v2\/categories?post=186"},{"taxonomy":"post_tag","embeddable":true,"href":"https:\/\/cdscweb.fr\/nedji-du-graal\/wp-json\/wp\/v2\/tags?post=186"}],"curies":[{"name":"wp","href":"https:\/\/api.w.org\/{rel}","templated":true}]}}