{"id":169,"date":"2011-05-24T17:18:53","date_gmt":"2011-05-24T16:18:53","guid":{"rendered":"http:\/\/cdscweb.fr\/nedji\/?p=169"},"modified":"2026-01-01T18:22:35","modified_gmt":"2026-01-01T17:22:35","slug":"barbaste-2011","status":"publish","type":"post","link":"https:\/\/cdscweb.fr\/nedji-du-graal\/barbaste-2011\/","title":{"rendered":"Barbaste, 2011"},"content":{"rendered":"\n<p class=\"has-text-align-center\">Qu&rsquo;est-ce que j&rsquo;apprends ?<\/p>\n\n\n<div class=\"wp-block-image is-style-rounded\">\n<figure class=\"aligncenter\"><img loading=\"lazy\" decoding=\"async\" width=\"403\" height=\"500\" src=\"https:\/\/cdscweb.fr\/nedji-du-graal\/wp-content\/uploads\/2011-dress-barbaste-0005.jpg\" alt=\"\" class=\"wp-image-995\" srcset=\"https:\/\/cdscweb.fr\/nedji-du-graal\/wp-content\/uploads\/2011-dress-barbaste-0005.jpg 403w, https:\/\/cdscweb.fr\/nedji-du-graal\/wp-content\/uploads\/2011-dress-barbaste-0005-242x300.jpg 242w, https:\/\/cdscweb.fr\/nedji-du-graal\/wp-content\/uploads\/2011-dress-barbaste-0005-121x150.jpg 121w\" sizes=\"auto, (max-width: 403px) 100vw, 403px\" \/><\/figure>\n<\/div>\n\n\n<p class=\"has-text-align-center\">En 2008 et 2009,<\/p>\n\n\n<div class=\"wp-block-image is-style-rounded\">\n<figure class=\"aligncenter\"><img loading=\"lazy\" decoding=\"async\" width=\"500\" height=\"355\" src=\"https:\/\/cdscweb.fr\/nedji-du-graal\/wp-content\/uploads\/2011-dress-barbaste-0001.jpg\" alt=\"\" class=\"wp-image-993\" srcset=\"https:\/\/cdscweb.fr\/nedji-du-graal\/wp-content\/uploads\/2011-dress-barbaste-0001.jpg 500w, https:\/\/cdscweb.fr\/nedji-du-graal\/wp-content\/uploads\/2011-dress-barbaste-0001-300x213.jpg 300w, https:\/\/cdscweb.fr\/nedji-du-graal\/wp-content\/uploads\/2011-dress-barbaste-0001-150x107.jpg 150w\" sizes=\"auto, (max-width: 500px) 100vw, 500px\" \/><\/figure>\n<\/div>\n\n\n<p class=\"has-text-align-center\">j&rsquo;ai \u00e9t\u00e9 le pur-sang arabe le mieux indic\u00e9 en France pour le dressage !<\/p>\n\n\n<div class=\"wp-block-image is-style-rounded\">\n<figure class=\"aligncenter\"><img loading=\"lazy\" decoding=\"async\" width=\"380\" height=\"500\" src=\"https:\/\/cdscweb.fr\/nedji-du-graal\/wp-content\/uploads\/2011-dress-barbaste-0003.jpg\" alt=\"\" class=\"wp-image-994\" srcset=\"https:\/\/cdscweb.fr\/nedji-du-graal\/wp-content\/uploads\/2011-dress-barbaste-0003.jpg 380w, https:\/\/cdscweb.fr\/nedji-du-graal\/wp-content\/uploads\/2011-dress-barbaste-0003-228x300.jpg 228w, https:\/\/cdscweb.fr\/nedji-du-graal\/wp-content\/uploads\/2011-dress-barbaste-0003-114x150.jpg 114w\" sizes=\"auto, (max-width: 380px) 100vw, 380px\" \/><\/figure>\n<\/div>\n\n\n<p class=\"has-text-align-center\">C&rsquo;est le Comit\u00e9 de pilotage du Pur-sang Arabe de Sport qui l&rsquo;a dit,<br>en m&rsquo;invitant \u00e0 participer au circuit organis\u00e9 aux quatre coins de la France,<br>avec une finale \u00e0 Vichy d\u00e9but septembre.<\/p>\n\n\n<div class=\"wp-block-image is-style-rounded\">\n<figure class=\"aligncenter\"><img loading=\"lazy\" decoding=\"async\" width=\"543\" height=\"565\" src=\"https:\/\/cdscweb.fr\/nedji-du-graal\/wp-content\/uploads\/2011-cso-barbaste-0015.jpg\" alt=\"\" class=\"wp-image-991\" srcset=\"https:\/\/cdscweb.fr\/nedji-du-graal\/wp-content\/uploads\/2011-cso-barbaste-0015.jpg 543w, https:\/\/cdscweb.fr\/nedji-du-graal\/wp-content\/uploads\/2011-cso-barbaste-0015-288x300.jpg 288w, https:\/\/cdscweb.fr\/nedji-du-graal\/wp-content\/uploads\/2011-cso-barbaste-0015-144x150.jpg 144w\" sizes=\"auto, (max-width: 543px) 100vw, 543px\" \/><\/figure>\n<\/div>\n\n\n<p class=\"has-text-align-center\">En route donc pour Barbaste,<br>o\u00f9 je ne m&rsquo;en tire pas trop mal,<br>je vous laisse lire <strong>le compte-rendu du CPCAS<\/strong>&#8230;<\/p>\n\n\n<div class=\"wp-block-image\">\n<figure class=\"aligncenter\"><img loading=\"lazy\" decoding=\"async\" width=\"777\" height=\"398\" src=\"https:\/\/cdscweb.fr\/nedji-du-graal\/wp-content\/uploads\/2011_cpcas-bulletin.jpg\" alt=\"\" class=\"wp-image-996\" srcset=\"https:\/\/cdscweb.fr\/nedji-du-graal\/wp-content\/uploads\/2011_cpcas-bulletin.jpg 777w, https:\/\/cdscweb.fr\/nedji-du-graal\/wp-content\/uploads\/2011_cpcas-bulletin-300x154.jpg 300w, https:\/\/cdscweb.fr\/nedji-du-graal\/wp-content\/uploads\/2011_cpcas-bulletin-768x393.jpg 768w, https:\/\/cdscweb.fr\/nedji-du-graal\/wp-content\/uploads\/2011_cpcas-bulletin-150x77.jpg 150w\" sizes=\"auto, (max-width: 777px) 100vw, 777px\" \/><\/figure>\n<\/div>\n\n<div class=\"wp-block-image is-style-rounded\">\n<figure class=\"aligncenter\"><img loading=\"lazy\" decoding=\"async\" width=\"500\" height=\"333\" src=\"https:\/\/cdscweb.fr\/nedji-du-graal\/wp-content\/uploads\/2011-cso-barbaste-0032.jpg\" alt=\"\" class=\"wp-image-992\" srcset=\"https:\/\/cdscweb.fr\/nedji-du-graal\/wp-content\/uploads\/2011-cso-barbaste-0032.jpg 500w, https:\/\/cdscweb.fr\/nedji-du-graal\/wp-content\/uploads\/2011-cso-barbaste-0032-300x200.jpg 300w, https:\/\/cdscweb.fr\/nedji-du-graal\/wp-content\/uploads\/2011-cso-barbaste-0032-150x100.jpg 150w\" sizes=\"auto, (max-width: 500px) 100vw, 500px\" \/><\/figure>\n<\/div>\n\n\n<p class=\"has-text-align-center\">Je ne suis pas all\u00e9 \u00e0 Vichy, j&rsquo;\u00e9tais malade, mais je recommencerai en 2012 !<\/p>\n<!-- AddThis Advanced Settings generic via filter on the_content --><!-- AddThis Share Buttons generic via filter on the_content -->","protected":false},"excerpt":{"rendered":"<p>Qu&rsquo;est-ce que j&rsquo;apprends ? En 2008\u2026<!-- AddThis Advanced Settings generic via filter on get_the_excerpt --><!-- AddThis Share Buttons generic via filter on get_the_excerpt --><\/p>\n<p class=\"continue-reading-button\"> <a class=\"continue-reading-link\" href=\"https:\/\/cdscweb.fr\/nedji-du-graal\/barbaste-2011\/\">Lire la suite&#8230;<i class=\"crycon-right-dir\"><\/i><\/a><\/p>\n","protected":false},"author":1,"featured_media":990,"comment_status":"closed","ping_status":"closed","sticky":false,"template":"","format":"standard","meta":{"footnotes":""},"categories":[4,9],"tags":[20,35,37],"class_list":["post-169","post","type-post","status-publish","format-standard","has-post-thumbnail","hentry","category-dressage","category-saut-dobstacles","tag-20","tag-marjorie","tag-sylvie"],"_links":{"self":[{"href":"https:\/\/cdscweb.fr\/nedji-du-graal\/wp-json\/wp\/v2\/posts\/169","targetHints":{"allow":["GET"]}}],"collection":[{"href":"https:\/\/cdscweb.fr\/nedji-du-graal\/wp-json\/wp\/v2\/posts"}],"about":[{"href":"https:\/\/cdscweb.fr\/nedji-du-graal\/wp-json\/wp\/v2\/types\/post"}],"author":[{"embeddable":true,"href":"https:\/\/cdscweb.fr\/nedji-du-graal\/wp-json\/wp\/v2\/users\/1"}],"replies":[{"embeddable":true,"href":"https:\/\/cdscweb.fr\/nedji-du-graal\/wp-json\/wp\/v2\/comments?post=169"}],"version-history":[{"count":2,"href":"https:\/\/cdscweb.fr\/nedji-du-graal\/wp-json\/wp\/v2\/posts\/169\/revisions"}],"predecessor-version":[{"id":1069,"href":"https:\/\/cdscweb.fr\/nedji-du-graal\/wp-json\/wp\/v2\/posts\/169\/revisions\/1069"}],"wp:featuredmedia":[{"embeddable":true,"href":"https:\/\/cdscweb.fr\/nedji-du-graal\/wp-json\/wp\/v2\/media\/990"}],"wp:attachment":[{"href":"https:\/\/cdscweb.fr\/nedji-du-graal\/wp-json\/wp\/v2\/media?parent=169"}],"wp:term":[{"taxonomy":"category","embeddable":true,"href":"https:\/\/cdscweb.fr\/nedji-du-graal\/wp-json\/wp\/v2\/categories?post=169"},{"taxonomy":"post_tag","embeddable":true,"href":"https:\/\/cdscweb.fr\/nedji-du-graal\/wp-json\/wp\/v2\/tags?post=169"}],"curies":[{"name":"wp","href":"https:\/\/api.w.org\/{rel}","templated":true}]}}