{"id":156,"date":"2006-08-23T11:40:31","date_gmt":"2006-08-23T10:40:31","guid":{"rendered":"http:\/\/cdscweb.fr\/nedji\/?p=156"},"modified":"2017-09-10T11:22:29","modified_gmt":"2017-09-10T09:22:29","slug":"une-semaine-de-randonnee-2006","status":"publish","type":"post","link":"https:\/\/cdscweb.fr\/nedji-du-graal\/une-semaine-de-randonnee-2006\/","title":{"rendered":"Une semaine de randonn\u00e9e, 2006"},"content":{"rendered":"<p style=\"text-align: left;\"><a href=\"https:\/\/cdscweb.fr\/nedji-du-graal\/wp-content\/uploads\/2006\/08\/2006-rando.jpg\"><img loading=\"lazy\" decoding=\"async\" class=\"size-medium wp-image-549 alignleft\" src=\"https:\/\/cdscweb.fr\/nedji-du-graal\/wp-content\/uploads\/2006\/08\/2006-rando-300x225.jpg\" alt=\"\" width=\"300\" height=\"225\" srcset=\"https:\/\/cdscweb.fr\/nedji-du-graal\/wp-content\/uploads\/2006\/08\/2006-rando-300x225.jpg 300w, https:\/\/cdscweb.fr\/nedji-du-graal\/wp-content\/uploads\/2006\/08\/2006-rando-150x113.jpg 150w, https:\/\/cdscweb.fr\/nedji-du-graal\/wp-content\/uploads\/2006\/08\/2006-rando.jpg 500w\" sizes=\"auto, (max-width: 300px) 100vw, 300px\" \/><\/a>Avec une dizaine de coll\u00e8gues,\u00a0nous sommes partis en Charente pour d\u00e9couvrir cette belle r\u00e9gion.<\/p>\n<p style=\"text-align: left;\">L&rsquo;id\u00e9e de d\u00e9part \u00e9tait bonne,\u00a0mais je ne suis pas s\u00fbr d&rsquo;\u00eatre fait pour ce genre d&rsquo;activit\u00e9 :\u00a0si je piaffe deux heures durant c&rsquo;est fatigant pour ma cavali\u00e8re,\u00a0quand on passe un foss\u00e9 il faut marcher dedans et non sauter par-dessus&#8230;<\/p>\n<p style=\"text-align: left;\">Finalement le meilleur souvenir c&rsquo;est le petit-d\u00e9jeuner !<\/p>\n<!-- AddThis Advanced Settings generic via filter on the_content --><!-- AddThis Share Buttons generic via filter on the_content -->","protected":false},"excerpt":{"rendered":"<p>Avec une dizaine de coll\u00e8gues,\u00a0nous sommes\u2026<!-- AddThis Advanced Settings generic via filter on get_the_excerpt --><!-- AddThis Share Buttons generic via filter on get_the_excerpt --><\/p>\n<p class=\"continue-reading-button\"> <a class=\"continue-reading-link\" href=\"https:\/\/cdscweb.fr\/nedji-du-graal\/une-semaine-de-randonnee-2006\/\">Lire la suite&#8230;<i class=\"crycon-right-dir\"><\/i><\/a><\/p>\n","protected":false},"author":1,"featured_media":549,"comment_status":"closed","ping_status":"closed","sticky":false,"template":"","format":"standard","meta":{"footnotes":""},"categories":[8],"tags":[15,37],"class_list":["post-156","post","type-post","status-publish","format-standard","has-post-thumbnail","hentry","category-randonnee","tag-15","tag-sylvie"],"_links":{"self":[{"href":"https:\/\/cdscweb.fr\/nedji-du-graal\/wp-json\/wp\/v2\/posts\/156","targetHints":{"allow":["GET"]}}],"collection":[{"href":"https:\/\/cdscweb.fr\/nedji-du-graal\/wp-json\/wp\/v2\/posts"}],"about":[{"href":"https:\/\/cdscweb.fr\/nedji-du-graal\/wp-json\/wp\/v2\/types\/post"}],"author":[{"embeddable":true,"href":"https:\/\/cdscweb.fr\/nedji-du-graal\/wp-json\/wp\/v2\/users\/1"}],"replies":[{"embeddable":true,"href":"https:\/\/cdscweb.fr\/nedji-du-graal\/wp-json\/wp\/v2\/comments?post=156"}],"version-history":[{"count":2,"href":"https:\/\/cdscweb.fr\/nedji-du-graal\/wp-json\/wp\/v2\/posts\/156\/revisions"}],"predecessor-version":[{"id":551,"href":"https:\/\/cdscweb.fr\/nedji-du-graal\/wp-json\/wp\/v2\/posts\/156\/revisions\/551"}],"wp:featuredmedia":[{"embeddable":true,"href":"https:\/\/cdscweb.fr\/nedji-du-graal\/wp-json\/wp\/v2\/media\/549"}],"wp:attachment":[{"href":"https:\/\/cdscweb.fr\/nedji-du-graal\/wp-json\/wp\/v2\/media?parent=156"}],"wp:term":[{"taxonomy":"category","embeddable":true,"href":"https:\/\/cdscweb.fr\/nedji-du-graal\/wp-json\/wp\/v2\/categories?post=156"},{"taxonomy":"post_tag","embeddable":true,"href":"https:\/\/cdscweb.fr\/nedji-du-graal\/wp-json\/wp\/v2\/tags?post=156"}],"curies":[{"name":"wp","href":"https:\/\/api.w.org\/{rel}","templated":true}]}}