{"id":1004,"date":"1996-02-26T11:55:11","date_gmt":"1996-02-26T10:55:11","guid":{"rendered":"http:\/\/cdscweb.fr\/nedji-du-graal\/?p=1004"},"modified":"2026-01-01T18:53:26","modified_gmt":"2026-01-01T17:53:26","slug":"mes-debuts-dans-la-vie","status":"publish","type":"post","link":"https:\/\/cdscweb.fr\/nedji-du-graal\/mes-debuts-dans-la-vie\/","title":{"rendered":"Mes d\u00e9buts dans la vie"},"content":{"rendered":"\n<p class=\"has-text-align-center\">Je suis n\u00e9 le 18 f\u00e9vrier 1990 chez M. Alain Mazars \u00e0 Mirandol-Bourgnounac dans le Tarn.<\/p>\n\n\n\n<p class=\"has-text-align-center\">Ma maman <a href=\"https:\/\/infochevaux.ifce.fr\/fr\/teriraisa-qWYpwta_TqSi9d1apgKn3w\/production\/production-totale\" target=\"_blank\" rel=\"noopener noreferrer\"><em><strong>TERIRAISA<\/strong><\/em><\/a> (1985-2002) a produit avant moi ma propre soeur <strong>TERIANA<\/strong><br>et 8 autres fr\u00e8res et s\u0153urs plus jeunes, dont <a href=\"https:\/\/infochevaux.ifce.fr\/fr\/raissa-du-graal-YnCvsjaeQDe2KXCc44p_HQ\/aptitude\/endurance\" target=\"_blank\" rel=\"noopener noreferrer\"><em><strong>RAISSA du GRAAL<\/strong><\/em><\/a> gagnante en Endurance.<\/p>\n\n\n<div class=\"wp-block-image is-style-rounded\">\n<figure class=\"aligncenter\"><img loading=\"lazy\" decoding=\"async\" width=\"800\" height=\"648\" src=\"https:\/\/cdscweb.fr\/nedji-du-graal\/wp-content\/uploads\/1990-nedji-bebe.jpg\" alt=\"\" class=\"wp-image-1005\" srcset=\"https:\/\/cdscweb.fr\/nedji-du-graal\/wp-content\/uploads\/1990-nedji-bebe.jpg 800w, https:\/\/cdscweb.fr\/nedji-du-graal\/wp-content\/uploads\/1990-nedji-bebe-300x243.jpg 300w, https:\/\/cdscweb.fr\/nedji-du-graal\/wp-content\/uploads\/1990-nedji-bebe-768x622.jpg 768w, https:\/\/cdscweb.fr\/nedji-du-graal\/wp-content\/uploads\/1990-nedji-bebe-150x122.jpg 150w\" sizes=\"auto, (max-width: 800px) 100vw, 800px\" \/><\/figure>\n<\/div>\n\n\n<p class=\"has-text-align-center\"><em>Le beau b\u00e9b\u00e9 sur la photo c&rsquo;est moi !<\/em><\/p>\n\n\n\n<p class=\"has-text-align-center\">Mon p\u00e8re est le beau <strong>N\u00c9RAL<\/strong> (1984-2010), champion de Mod\u00e8les et Allures,<br>il a produits plusieurs tr\u00e8s bons chevaux d&rsquo;endurance<br>mais aussi de Dressage <em>(dont moi&#8230;)<\/em> et de Saut d&rsquo;Obstacle.<\/p>\n\n\n<div class=\"wp-block-image is-style-rounded\">\n<figure class=\"aligncenter\"><img loading=\"lazy\" decoding=\"async\" width=\"800\" height=\"576\" src=\"https:\/\/cdscweb.fr\/nedji-du-graal\/wp-content\/uploads\/neral_02-800x576.jpg\" alt=\"\" class=\"wp-image-1007\" srcset=\"https:\/\/cdscweb.fr\/nedji-du-graal\/wp-content\/uploads\/neral_02-800x576.jpg 800w, https:\/\/cdscweb.fr\/nedji-du-graal\/wp-content\/uploads\/neral_02-300x216.jpg 300w, https:\/\/cdscweb.fr\/nedji-du-graal\/wp-content\/uploads\/neral_02-768x553.jpg 768w, https:\/\/cdscweb.fr\/nedji-du-graal\/wp-content\/uploads\/neral_02-1536x1106.jpg 1536w, https:\/\/cdscweb.fr\/nedji-du-graal\/wp-content\/uploads\/neral_02-150x108.jpg 150w, https:\/\/cdscweb.fr\/nedji-du-graal\/wp-content\/uploads\/neral_02-1320x950.jpg 1320w, https:\/\/cdscweb.fr\/nedji-du-graal\/wp-content\/uploads\/neral_02.jpg 2000w\" sizes=\"auto, (max-width: 800px) 100vw, 800px\" \/><\/figure>\n<\/div>\n\n\n<p><\/p>\n<!-- AddThis Advanced Settings generic via filter on the_content --><!-- AddThis Share Buttons generic via filter on the_content -->","protected":false},"excerpt":{"rendered":"<p>Je suis n\u00e9 le 18 f\u00e9vrier\u2026<!-- AddThis Advanced Settings generic via filter on get_the_excerpt --><!-- AddThis Share Buttons generic via filter on get_the_excerpt --><\/p>\n<p class=\"continue-reading-button\"> <a class=\"continue-reading-link\" href=\"https:\/\/cdscweb.fr\/nedji-du-graal\/mes-debuts-dans-la-vie\/\">Lire la suite&#8230;<i class=\"crycon-right-dir\"><\/i><\/a><\/p>\n","protected":false},"author":1,"featured_media":1005,"comment_status":"closed","ping_status":"closed","sticky":false,"template":"","format":"standard","meta":{"footnotes":""},"categories":[7],"tags":[],"class_list":["post-1004","post","type-post","status-publish","format-standard","has-post-thumbnail","hentry","category-news"],"_links":{"self":[{"href":"https:\/\/cdscweb.fr\/nedji-du-graal\/wp-json\/wp\/v2\/posts\/1004","targetHints":{"allow":["GET"]}}],"collection":[{"href":"https:\/\/cdscweb.fr\/nedji-du-graal\/wp-json\/wp\/v2\/posts"}],"about":[{"href":"https:\/\/cdscweb.fr\/nedji-du-graal\/wp-json\/wp\/v2\/types\/post"}],"author":[{"embeddable":true,"href":"https:\/\/cdscweb.fr\/nedji-du-graal\/wp-json\/wp\/v2\/users\/1"}],"replies":[{"embeddable":true,"href":"https:\/\/cdscweb.fr\/nedji-du-graal\/wp-json\/wp\/v2\/comments?post=1004"}],"version-history":[{"count":3,"href":"https:\/\/cdscweb.fr\/nedji-du-graal\/wp-json\/wp\/v2\/posts\/1004\/revisions"}],"predecessor-version":[{"id":1092,"href":"https:\/\/cdscweb.fr\/nedji-du-graal\/wp-json\/wp\/v2\/posts\/1004\/revisions\/1092"}],"wp:featuredmedia":[{"embeddable":true,"href":"https:\/\/cdscweb.fr\/nedji-du-graal\/wp-json\/wp\/v2\/media\/1005"}],"wp:attachment":[{"href":"https:\/\/cdscweb.fr\/nedji-du-graal\/wp-json\/wp\/v2\/media?parent=1004"}],"wp:term":[{"taxonomy":"category","embeddable":true,"href":"https:\/\/cdscweb.fr\/nedji-du-graal\/wp-json\/wp\/v2\/categories?post=1004"},{"taxonomy":"post_tag","embeddable":true,"href":"https:\/\/cdscweb.fr\/nedji-du-graal\/wp-json\/wp\/v2\/tags?post=1004"}],"curies":[{"name":"wp","href":"https:\/\/api.w.org\/{rel}","templated":true}]}}